{"id":111831,"date":"2020-07-09T14:51:48","date_gmt":"2020-07-09T17:51:48","guid":{"rendered":"http:\/\/vagario.com.br\/?p=111831"},"modified":"2020-07-09T14:51:48","modified_gmt":"2020-07-09T17:51:48","slug":"ambev-abre-vagas-diversos-bairros-do-rio-de-janeiro-rj","status":"publish","type":"post","link":"https:\/\/vagario.com.br\/index.php\/2020\/07\/09\/ambev-abre-vagas-diversos-bairros-do-rio-de-janeiro-rj\/","title":{"rendered":"AMBEV ABRE VAGAS &#8211; DIVERSOS BAIRROS DO RIO DE JANEIRO &#8211; RJ"},"content":{"rendered":"<h2>DESCRI\u00c7\u00c3O DA VAGA<\/h2>\n<p>Nossa<strong>\u00a0gente<\/strong>\u00a0aqui na\u00a0<strong>Cervejaria Ambev<\/strong>\u00a0sonha\u00a0<strong>GRANDE<\/strong>! Somos milhares de apaixonados pelo que fazemos. Nosso maior objetivo \u00e9 inovar no setor de bebidas com a maior qualidade e diversidade poss\u00edvel, para que voc\u00ea possa brindar qualquer ocasi\u00e3o escolhendo o que mais gosta!<\/p>\n<p>A nossa\u00a0<strong>Cultura\u00a0<\/strong>\u00e9 focada em construir um ambiente inclusivo e colaborativo, onde as pessoas possam ser o melhor delas mesmas! Gente \u00e9 o nosso maior ativo, afinal sabemos que investir no potencial de nossos colaboradores \u00e9 trazer ainda mais qualidade ao nosso neg\u00f3cio e \u00e0s nossas bebidas. Por isso, estamos sempre em busca de\u00a0<strong>talentos diversos<\/strong>, dispostos a construir esse grande sonho com a gente de unir as pessoas por um mundo melhor.<\/p>\n<p>Prazer, somos a\u00a0<strong>Cervejaria Ambev<\/strong>\u00a0e adorar\u00edamos te ter com a gente.<\/p>\n<h2>RESPONSABILIDADES E ATRIBUI\u00c7\u00d5ES<\/h2>\n<p>O(A) Promotor(a) de auto servi\u00e7o \u00e9 respons\u00e1vel pela manuten\u00e7\u00e3o e organiza\u00e7\u00e3o dos produtos da Cervejaria Ambev nos mercados e redes de varejo.<\/p>\n<p>A sua rotina inclui:<\/p>\n<ul>\n<li>Abastecer as g\u00f4ndolas das lojas verificando o prazo de validade dos produtos;<\/li>\n<li>Negociar os melhores pontos da loja para os produtos Ambev;<\/li>\n<li>Executar as estrat\u00e9gias de marketing para alavancar as vendas (ponta de g\u00f4ndola, ponto extra, ilha, refrigera\u00e7\u00e3o, etc);<\/li>\n<li>Trabalhar de acordo com as normas e procedimentos de Seguran\u00e7a do Trabalho utilizando os EPIs e equipamentos necess\u00e1rios.<\/li>\n<\/ul>\n<p>Toda a rotina \u00e9 acompanhada pelo(a) Supervisor(a) e do(a) Promotor(a).<\/p>\n<h2>REQUISITOS E QUALIFICA\u00c7\u00d5ES<\/h2>\n<ul>\n<li><strong>Experi\u00eancia Sugerida:<\/strong><\/li>\n<\/ul>\n<p>Disciplina para cumprimento de rotina;<\/p>\n<p>Facilidade de relacionamento interpessoal;<\/p>\n<p>Disposi\u00e7\u00e3o para trabalhos externos.<\/p>\n<ul>\n<li><strong>Forma\u00e7\u00e3o:<\/strong><\/li>\n<\/ul>\n<p>Ensino m\u00e9dio completo.<\/p>\n<h2>INFORMA\u00c7\u00d5ES ADICIONAIS<\/h2>\n<p><strong><u>Benef\u00edcios:<\/u><\/strong><\/p>\n<ul>\n<li>Plano Odontol\u00f3gico;<\/li>\n<li>Plano de Sa\u00fade;<\/li>\n<li>Venda de Produtos para funcion\u00e1rios;<\/li>\n<li>Cesta de Natal + brinquedo para quem tem filhos;<\/li>\n<li>Gympass;<\/li>\n<li>Previd\u00eancia privada;<\/li>\n<li>Sonhar, se desenvolver, construir e crescer dentro em um ambiente meritocr\u00e1tico e inclusivo;<\/li>\n<li>Fazer a diferen\u00e7a unindo as pessoas por um mundo melhor.<\/li>\n<\/ul>\n<ul>\n<li><strong><u>Unidades:<\/u><\/strong><\/li>\n<li>CDD Jacarepagu\u00e1\u00a0&#8211;\u00a0Est. de Jacarepagu\u00e1, 5895 &#8211; Anil &#8211; Jacarepagu\u00e1 &#8211; Cep:22765-240<\/li>\n<li>CDD S\u00e3o Crist\u00f3v\u00e3o &#8211; Rua S\u00e3o Crist\u00f3v\u00e3o, 1221 &#8211; S\u00e3o Crist\u00f3v\u00e3o &#8211; Cep: 20940-001<\/li>\n<li>CDD Campo Grande &#8211; Antiga Estrada Rio S\u00e3o Paulo Km 31, 6011 &#8211; C.Grande &#8211; Cep: 23075-240<\/li>\n<li>CDD Niter\u00f3i\u00a0&#8211;\u00a0Av. Santa Luzia, 591 &#8211; Santa Luzia &#8211; S\u00e3o Gon\u00e7alo &#8211; RJ &#8211; Cep : 24722 -315<\/li>\n<li>CDD Campos &#8211; Av. Presidente Vargas 510 &#8211; Pecu\u00e1ria &#8211; Campos &#8211; Cep: 28055-293<\/li>\n<li>CDD Nova Igua\u00e7u &#8211; Rua \u00c1urea Fonseca de Jesus,280 &#8211; Calif\u00f3rnia &#8211;\u00a0Nova Igua\u00e7u Cep:26.220-120<\/li>\n<li>CDD Nova Friburgo Av. Governador Roberto Silveira, 3150 \u2013 Duas Pedras &#8211; Nova Friburgo &#8211; RJ &#8211; CEP: 28635-000<\/li>\n<li>CDD Petr\u00f3polis \u2013 Rua Mario Gelli, 119 \u2013 Duarte da Silveira \u2013 Petr\u00f3polis \u2013 RJ \u2013 CEP: 25665-455<\/li>\n<li>CDD Itaperuna \u2013 Rua Coronel Jose Bastos, S\/N \u2013 Boa Fortuna \u2013 Itaperuna \u2013 RJ \u2013 CEP \u2013 28300-00<\/li>\n<li>CDD Pavuna \u2013 Avenida Coronel Phidias Tavora ,131, Pavuna \u2013 CEP: 21.535-510<\/li>\n<li>CDD Volta Redonda\u00a0&#8211; Rodovia Lucio Meira (BR393) N\u00b013550- km 13\/14 \u2013 Dom Bosco \u2013 CEP: 27286-740<\/li>\n<\/ul>\n<h2>SEJA BEM-VINDO \u00c0 AMBEV<\/h2>\n<div class=\"description__about\">\n<p>Nossa<strong>\u00a0gente<\/strong>\u00a0aqui na\u00a0<strong>Ambev<\/strong>\u00a0sonha\u00a0<strong>GRANDE<\/strong>! Somos milhares de apaixonados pelo que fazemos. Nosso maior objetivo \u00e9 inovar no setor de bebidas com a maior qualidade e diversidade poss\u00edvel, para que voc\u00ea possa brindar qualquer ocasi\u00e3o escolhendo o que mais gosta!<\/p>\n<p>A nossa\u00a0<strong>Cultura\u00a0<\/strong>\u00e9 focada em construir um ambiente inclusivo e colaborativo, onde as pessoas possam ser o melhor delas mesmas! Gente \u00e9 o nosso maior ativo, afinal sabemos que investir no potencial de nossos colaboradores \u00e9 trazer ainda mais qualidade ao nosso neg\u00f3cio e \u00e0s nossas bebidas. Por isso, estamos sempre em busca de\u00a0<strong>talentos diversos<\/strong>, dispostos a construir esse grande sonho com a gente de unir as pessoas por um mundo melhor.<\/p>\n<p>Prazer, somos a\u00a0<strong>Ambev<\/strong>\u00a0e adorar\u00edamos te ter com a gente.<\/p>\n<\/div>\n<p><span style=\"font-family: 'arial black', sans-serif;\"><strong>CADASTRE O SEU CURR\u00cdCULO:<\/strong><\/span><br \/>\n<input type='hidden' bg_collapse_expand='69ef345a82d180072787370' value='69ef345a82d180072787370'><input type='hidden' id='bg-show-more-text-69ef345a82d180072787370' value='Quero me Candidatar'><input type='hidden' id='bg-show-less-text-69ef345a82d180072787370' value='Fechar'><button id='bg-showmore-action-69ef345a82d180072787370' class='bg-showmore-plg-button bg-orange-button  '   style=\" color:#4a4949;\">Quero me Candidatar<\/button><div id='bg-showmore-hidden-69ef345a82d180072787370' >Para se candidatar a vaga clique em: <a href=\"https:\/\/ambev.gupy.io\/jobs\/120690?jobBoardSource=gupy_public_page\">ambev.gupy.io<\/a> <\/div>\n<p><em><strong>Todas as vagas aqui publicadas como informamos em nossos termos de uso, s\u00e3o de COMPLETA RESPONSABILIDADE dos contratantes\/anunciantes, O RIOVAGA RJ<\/strong><\/em><em><strong>\u00a0n\u00e3o<\/strong><\/em><em><strong>\u00a0 entra em contato com nenhuma empresa para verificar a veracidade das informa\u00e7\u00f5es fornecidas, a responsabilidade da verifica\u00e7\u00e3o das informa\u00e7\u00f5es e demais d\u00favidas das vagas \u00e9 do candidato interessado.<\/strong><\/em><\/p>\n<p><a href=\"whatsapp:\/\/send?text=&quot;RioVaga - Empregos e Vagas Rio de Janeiro - Clique no link para instalar e se candidatar as vagas:&quot;https:\/\/play.google.com\/store\/apps\/details?id=com.riovaga\"><br \/>\nCompartilhe essa vaga com um amigo do Whatsapp &#8211; Clicando Aqui!!<br \/>\n<\/a><\/p>\n","protected":false},"excerpt":{"rendered":"<p>DESCRI\u00c7\u00c3O DA VAGA Nossa\u00a0gente\u00a0aqui na\u00a0Cervejaria Ambev\u00a0sonha\u00a0GRANDE! Somos milhares de apaixonados pelo que fazemos. Nosso maior objetivo \u00e9 inovar no setor<\/p>\n","protected":false},"author":1,"featured_media":858,"comment_status":"closed","ping_status":"closed","sticky":false,"template":"","format":"standard","meta":{"_exactmetrics_skip_tracking":false,"_exactmetrics_sitenote_active":false,"_exactmetrics_sitenote_note":"","_exactmetrics_sitenote_category":0,"footnotes":""},"categories":[28],"tags":[],"class_list":["post-111831","post","type-post","status-publish","format-standard","has-post-thumbnail","hentry","category-promotor-de-vendas"],"yoast_head":"<!-- This site is optimized with the Yoast SEO plugin v24.4 - https:\/\/yoast.com\/wordpress\/plugins\/seo\/ -->\n<title>AMBEV ABRE VAGAS - DIVERSOS BAIRROS DO RIO DE JANEIRO - RJ<\/title>\n<meta name=\"description\" content=\"AMBEV ABRE VAGAS - DIVERSOS BAIRROS DO RIO DE JANEIRO - RJ\" \/>\n<meta name=\"robots\" content=\"index, follow, max-snippet:-1, max-image-preview:large, max-video-preview:-1\" \/>\n<link rel=\"canonical\" href=\"https:\/\/vagario.com.br\/index.php\/2020\/07\/09\/ambev-abre-vagas-diversos-bairros-do-rio-de-janeiro-rj\/\" \/>\n<meta property=\"og:locale\" content=\"pt_BR\" \/>\n<meta property=\"og:type\" content=\"article\" \/>\n<meta property=\"og:title\" content=\"AMBEV ABRE VAGAS - DIVERSOS BAIRROS DO RIO DE JANEIRO - RJ\" \/>\n<meta property=\"og:description\" content=\"AMBEV ABRE VAGAS - DIVERSOS BAIRROS DO RIO DE JANEIRO - RJ\" \/>\n<meta property=\"og:url\" content=\"https:\/\/vagario.com.br\/index.php\/2020\/07\/09\/ambev-abre-vagas-diversos-bairros-do-rio-de-janeiro-rj\/\" \/>\n<meta property=\"og:site_name\" content=\"Vagario\" \/>\n<meta property=\"article:published_time\" content=\"2020-07-09T17:51:48+00:00\" \/>\n<meta property=\"og:image\" content=\"https:\/\/vagario.com.br\/wp-content\/uploads\/2019\/12\/riovagafoto.png\" \/>\n\t<meta property=\"og:image:width\" content=\"351\" \/>\n\t<meta property=\"og:image:height\" content=\"294\" \/>\n\t<meta property=\"og:image:type\" content=\"image\/png\" \/>\n<meta name=\"author\" content=\"vagario\" \/>\n<meta name=\"twitter:card\" content=\"summary_large_image\" \/>\n<meta name=\"twitter:label1\" content=\"Escrito por\" \/>\n\t<meta name=\"twitter:data1\" content=\"vagario\" \/>\n\t<meta name=\"twitter:label2\" content=\"Est. tempo de leitura\" \/>\n\t<meta name=\"twitter:data2\" content=\"4 minutos\" \/>\n<script type=\"application\/ld+json\" class=\"yoast-schema-graph\">{\"@context\":\"https:\/\/schema.org\",\"@graph\":[{\"@type\":\"Article\",\"@id\":\"https:\/\/vagario.com.br\/index.php\/2020\/07\/09\/ambev-abre-vagas-diversos-bairros-do-rio-de-janeiro-rj\/#article\",\"isPartOf\":{\"@id\":\"https:\/\/vagario.com.br\/index.php\/2020\/07\/09\/ambev-abre-vagas-diversos-bairros-do-rio-de-janeiro-rj\/\"},\"author\":{\"name\":\"vagario\",\"@id\":\"http:\/\/vagario.com.br\/#\/schema\/person\/54813f918e46846eb68de55fc26439d6\"},\"headline\":\"AMBEV ABRE VAGAS &#8211; DIVERSOS BAIRROS DO RIO DE JANEIRO &#8211; RJ\",\"datePublished\":\"2020-07-09T17:51:48+00:00\",\"mainEntityOfPage\":{\"@id\":\"https:\/\/vagario.com.br\/index.php\/2020\/07\/09\/ambev-abre-vagas-diversos-bairros-do-rio-de-janeiro-rj\/\"},\"wordCount\":741,\"publisher\":{\"@id\":\"http:\/\/vagario.com.br\/#\/schema\/person\/54813f918e46846eb68de55fc26439d6\"},\"image\":{\"@id\":\"https:\/\/vagario.com.br\/index.php\/2020\/07\/09\/ambev-abre-vagas-diversos-bairros-do-rio-de-janeiro-rj\/#primaryimage\"},\"thumbnailUrl\":\"https:\/\/vagario.com.br\/wp-content\/uploads\/2019\/12\/riovagafoto.png\",\"articleSection\":[\"Promotor de Vendas\"],\"inLanguage\":\"pt-BR\"},{\"@type\":\"WebPage\",\"@id\":\"https:\/\/vagario.com.br\/index.php\/2020\/07\/09\/ambev-abre-vagas-diversos-bairros-do-rio-de-janeiro-rj\/\",\"url\":\"https:\/\/vagario.com.br\/index.php\/2020\/07\/09\/ambev-abre-vagas-diversos-bairros-do-rio-de-janeiro-rj\/\",\"name\":\"AMBEV ABRE VAGAS - DIVERSOS BAIRROS DO RIO DE JANEIRO - RJ\",\"isPartOf\":{\"@id\":\"http:\/\/vagario.com.br\/#website\"},\"primaryImageOfPage\":{\"@id\":\"https:\/\/vagario.com.br\/index.php\/2020\/07\/09\/ambev-abre-vagas-diversos-bairros-do-rio-de-janeiro-rj\/#primaryimage\"},\"image\":{\"@id\":\"https:\/\/vagario.com.br\/index.php\/2020\/07\/09\/ambev-abre-vagas-diversos-bairros-do-rio-de-janeiro-rj\/#primaryimage\"},\"thumbnailUrl\":\"https:\/\/vagario.com.br\/wp-content\/uploads\/2019\/12\/riovagafoto.png\",\"datePublished\":\"2020-07-09T17:51:48+00:00\",\"description\":\"AMBEV ABRE VAGAS - DIVERSOS BAIRROS DO RIO DE JANEIRO - RJ\",\"breadcrumb\":{\"@id\":\"https:\/\/vagario.com.br\/index.php\/2020\/07\/09\/ambev-abre-vagas-diversos-bairros-do-rio-de-janeiro-rj\/#breadcrumb\"},\"inLanguage\":\"pt-BR\",\"potentialAction\":[{\"@type\":\"ReadAction\",\"target\":[\"https:\/\/vagario.com.br\/index.php\/2020\/07\/09\/ambev-abre-vagas-diversos-bairros-do-rio-de-janeiro-rj\/\"]}]},{\"@type\":\"ImageObject\",\"inLanguage\":\"pt-BR\",\"@id\":\"https:\/\/vagario.com.br\/index.php\/2020\/07\/09\/ambev-abre-vagas-diversos-bairros-do-rio-de-janeiro-rj\/#primaryimage\",\"url\":\"https:\/\/vagario.com.br\/wp-content\/uploads\/2019\/12\/riovagafoto.png\",\"contentUrl\":\"https:\/\/vagario.com.br\/wp-content\/uploads\/2019\/12\/riovagafoto.png\",\"width\":351,\"height\":294},{\"@type\":\"BreadcrumbList\",\"@id\":\"https:\/\/vagario.com.br\/index.php\/2020\/07\/09\/ambev-abre-vagas-diversos-bairros-do-rio-de-janeiro-rj\/#breadcrumb\",\"itemListElement\":[{\"@type\":\"ListItem\",\"position\":1,\"name\":\"In\u00edcio\",\"item\":\"http:\/\/vagario.com.br\/\"},{\"@type\":\"ListItem\",\"position\":2,\"name\":\"AMBEV ABRE VAGAS &#8211; DIVERSOS BAIRROS DO RIO DE JANEIRO &#8211; RJ\"}]},{\"@type\":\"WebSite\",\"@id\":\"http:\/\/vagario.com.br\/#website\",\"url\":\"http:\/\/vagario.com.br\/\",\"name\":\"Vagario\",\"description\":\"Seu Melhor site de Empregos e Vagas\",\"publisher\":{\"@id\":\"http:\/\/vagario.com.br\/#\/schema\/person\/54813f918e46846eb68de55fc26439d6\"},\"potentialAction\":[{\"@type\":\"SearchAction\",\"target\":{\"@type\":\"EntryPoint\",\"urlTemplate\":\"http:\/\/vagario.com.br\/?s={search_term_string}\"},\"query-input\":{\"@type\":\"PropertyValueSpecification\",\"valueRequired\":true,\"valueName\":\"search_term_string\"}}],\"inLanguage\":\"pt-BR\"},{\"@type\":[\"Person\",\"Organization\"],\"@id\":\"http:\/\/vagario.com.br\/#\/schema\/person\/54813f918e46846eb68de55fc26439d6\",\"name\":\"vagario\",\"image\":{\"@type\":\"ImageObject\",\"inLanguage\":\"pt-BR\",\"@id\":\"http:\/\/vagario.com.br\/#\/schema\/person\/image\/\",\"url\":\"https:\/\/secure.gravatar.com\/avatar\/83c677ba6122e98ab37e1afa2508ddf0de0cec8e3065582b3e503ef328b5b67a?s=96&d=mm&r=g\",\"contentUrl\":\"https:\/\/secure.gravatar.com\/avatar\/83c677ba6122e98ab37e1afa2508ddf0de0cec8e3065582b3e503ef328b5b67a?s=96&d=mm&r=g\",\"caption\":\"vagario\"},\"logo\":{\"@id\":\"http:\/\/vagario.com.br\/#\/schema\/person\/image\/\"}}]}<\/script>\n<!-- \/ Yoast SEO plugin. -->","yoast_head_json":{"title":"AMBEV ABRE VAGAS - DIVERSOS BAIRROS DO RIO DE JANEIRO - RJ","description":"AMBEV ABRE VAGAS - DIVERSOS BAIRROS DO RIO DE JANEIRO - RJ","robots":{"index":"index","follow":"follow","max-snippet":"max-snippet:-1","max-image-preview":"max-image-preview:large","max-video-preview":"max-video-preview:-1"},"canonical":"https:\/\/vagario.com.br\/index.php\/2020\/07\/09\/ambev-abre-vagas-diversos-bairros-do-rio-de-janeiro-rj\/","og_locale":"pt_BR","og_type":"article","og_title":"AMBEV ABRE VAGAS - DIVERSOS BAIRROS DO RIO DE JANEIRO - RJ","og_description":"AMBEV ABRE VAGAS - DIVERSOS BAIRROS DO RIO DE JANEIRO - RJ","og_url":"https:\/\/vagario.com.br\/index.php\/2020\/07\/09\/ambev-abre-vagas-diversos-bairros-do-rio-de-janeiro-rj\/","og_site_name":"Vagario","article_published_time":"2020-07-09T17:51:48+00:00","og_image":[{"width":351,"height":294,"url":"https:\/\/vagario.com.br\/wp-content\/uploads\/2019\/12\/riovagafoto.png","type":"image\/png"}],"author":"vagario","twitter_card":"summary_large_image","twitter_misc":{"Escrito por":"vagario","Est. tempo de leitura":"4 minutos"},"schema":{"@context":"https:\/\/schema.org","@graph":[{"@type":"Article","@id":"https:\/\/vagario.com.br\/index.php\/2020\/07\/09\/ambev-abre-vagas-diversos-bairros-do-rio-de-janeiro-rj\/#article","isPartOf":{"@id":"https:\/\/vagario.com.br\/index.php\/2020\/07\/09\/ambev-abre-vagas-diversos-bairros-do-rio-de-janeiro-rj\/"},"author":{"name":"vagario","@id":"http:\/\/vagario.com.br\/#\/schema\/person\/54813f918e46846eb68de55fc26439d6"},"headline":"AMBEV ABRE VAGAS &#8211; DIVERSOS BAIRROS DO RIO DE JANEIRO &#8211; RJ","datePublished":"2020-07-09T17:51:48+00:00","mainEntityOfPage":{"@id":"https:\/\/vagario.com.br\/index.php\/2020\/07\/09\/ambev-abre-vagas-diversos-bairros-do-rio-de-janeiro-rj\/"},"wordCount":741,"publisher":{"@id":"http:\/\/vagario.com.br\/#\/schema\/person\/54813f918e46846eb68de55fc26439d6"},"image":{"@id":"https:\/\/vagario.com.br\/index.php\/2020\/07\/09\/ambev-abre-vagas-diversos-bairros-do-rio-de-janeiro-rj\/#primaryimage"},"thumbnailUrl":"https:\/\/vagario.com.br\/wp-content\/uploads\/2019\/12\/riovagafoto.png","articleSection":["Promotor de Vendas"],"inLanguage":"pt-BR"},{"@type":"WebPage","@id":"https:\/\/vagario.com.br\/index.php\/2020\/07\/09\/ambev-abre-vagas-diversos-bairros-do-rio-de-janeiro-rj\/","url":"https:\/\/vagario.com.br\/index.php\/2020\/07\/09\/ambev-abre-vagas-diversos-bairros-do-rio-de-janeiro-rj\/","name":"AMBEV ABRE VAGAS - DIVERSOS BAIRROS DO RIO DE JANEIRO - RJ","isPartOf":{"@id":"http:\/\/vagario.com.br\/#website"},"primaryImageOfPage":{"@id":"https:\/\/vagario.com.br\/index.php\/2020\/07\/09\/ambev-abre-vagas-diversos-bairros-do-rio-de-janeiro-rj\/#primaryimage"},"image":{"@id":"https:\/\/vagario.com.br\/index.php\/2020\/07\/09\/ambev-abre-vagas-diversos-bairros-do-rio-de-janeiro-rj\/#primaryimage"},"thumbnailUrl":"https:\/\/vagario.com.br\/wp-content\/uploads\/2019\/12\/riovagafoto.png","datePublished":"2020-07-09T17:51:48+00:00","description":"AMBEV ABRE VAGAS - DIVERSOS BAIRROS DO RIO DE JANEIRO - RJ","breadcrumb":{"@id":"https:\/\/vagario.com.br\/index.php\/2020\/07\/09\/ambev-abre-vagas-diversos-bairros-do-rio-de-janeiro-rj\/#breadcrumb"},"inLanguage":"pt-BR","potentialAction":[{"@type":"ReadAction","target":["https:\/\/vagario.com.br\/index.php\/2020\/07\/09\/ambev-abre-vagas-diversos-bairros-do-rio-de-janeiro-rj\/"]}]},{"@type":"ImageObject","inLanguage":"pt-BR","@id":"https:\/\/vagario.com.br\/index.php\/2020\/07\/09\/ambev-abre-vagas-diversos-bairros-do-rio-de-janeiro-rj\/#primaryimage","url":"https:\/\/vagario.com.br\/wp-content\/uploads\/2019\/12\/riovagafoto.png","contentUrl":"https:\/\/vagario.com.br\/wp-content\/uploads\/2019\/12\/riovagafoto.png","width":351,"height":294},{"@type":"BreadcrumbList","@id":"https:\/\/vagario.com.br\/index.php\/2020\/07\/09\/ambev-abre-vagas-diversos-bairros-do-rio-de-janeiro-rj\/#breadcrumb","itemListElement":[{"@type":"ListItem","position":1,"name":"In\u00edcio","item":"http:\/\/vagario.com.br\/"},{"@type":"ListItem","position":2,"name":"AMBEV ABRE VAGAS &#8211; DIVERSOS BAIRROS DO RIO DE JANEIRO &#8211; RJ"}]},{"@type":"WebSite","@id":"http:\/\/vagario.com.br\/#website","url":"http:\/\/vagario.com.br\/","name":"Vagario","description":"Seu Melhor site de Empregos e Vagas","publisher":{"@id":"http:\/\/vagario.com.br\/#\/schema\/person\/54813f918e46846eb68de55fc26439d6"},"potentialAction":[{"@type":"SearchAction","target":{"@type":"EntryPoint","urlTemplate":"http:\/\/vagario.com.br\/?s={search_term_string}"},"query-input":{"@type":"PropertyValueSpecification","valueRequired":true,"valueName":"search_term_string"}}],"inLanguage":"pt-BR"},{"@type":["Person","Organization"],"@id":"http:\/\/vagario.com.br\/#\/schema\/person\/54813f918e46846eb68de55fc26439d6","name":"vagario","image":{"@type":"ImageObject","inLanguage":"pt-BR","@id":"http:\/\/vagario.com.br\/#\/schema\/person\/image\/","url":"https:\/\/secure.gravatar.com\/avatar\/83c677ba6122e98ab37e1afa2508ddf0de0cec8e3065582b3e503ef328b5b67a?s=96&d=mm&r=g","contentUrl":"https:\/\/secure.gravatar.com\/avatar\/83c677ba6122e98ab37e1afa2508ddf0de0cec8e3065582b3e503ef328b5b67a?s=96&d=mm&r=g","caption":"vagario"},"logo":{"@id":"http:\/\/vagario.com.br\/#\/schema\/person\/image\/"}}]}},"_links":{"self":[{"href":"https:\/\/vagario.com.br\/index.php\/wp-json\/wp\/v2\/posts\/111831","targetHints":{"allow":["GET"]}}],"collection":[{"href":"https:\/\/vagario.com.br\/index.php\/wp-json\/wp\/v2\/posts"}],"about":[{"href":"https:\/\/vagario.com.br\/index.php\/wp-json\/wp\/v2\/types\/post"}],"author":[{"embeddable":true,"href":"https:\/\/vagario.com.br\/index.php\/wp-json\/wp\/v2\/users\/1"}],"replies":[{"embeddable":true,"href":"https:\/\/vagario.com.br\/index.php\/wp-json\/wp\/v2\/comments?post=111831"}],"version-history":[{"count":1,"href":"https:\/\/vagario.com.br\/index.php\/wp-json\/wp\/v2\/posts\/111831\/revisions"}],"predecessor-version":[{"id":111832,"href":"https:\/\/vagario.com.br\/index.php\/wp-json\/wp\/v2\/posts\/111831\/revisions\/111832"}],"wp:featuredmedia":[{"embeddable":true,"href":"https:\/\/vagario.com.br\/index.php\/wp-json\/wp\/v2\/media\/858"}],"wp:attachment":[{"href":"https:\/\/vagario.com.br\/index.php\/wp-json\/wp\/v2\/media?parent=111831"}],"wp:term":[{"taxonomy":"category","embeddable":true,"href":"https:\/\/vagario.com.br\/index.php\/wp-json\/wp\/v2\/categories?post=111831"},{"taxonomy":"post_tag","embeddable":true,"href":"https:\/\/vagario.com.br\/index.php\/wp-json\/wp\/v2\/tags?post=111831"}],"curies":[{"name":"wp","href":"https:\/\/api.w.org\/{rel}","templated":true}]}}