{"id":107866,"date":"2020-06-02T08:45:18","date_gmt":"2020-06-02T11:45:18","guid":{"rendered":"http:\/\/vagario.com.br\/?p=107866"},"modified":"2020-06-02T08:45:18","modified_gmt":"2020-06-02T11:45:18","slug":"auxiliar-administrativo-setor-de-saude-meier-rj","status":"publish","type":"post","link":"https:\/\/vagario.com.br\/index.php\/2020\/06\/02\/auxiliar-administrativo-setor-de-saude-meier-rj\/","title":{"rendered":"AUXILIAR ADMINISTRATIVO &#8211; SETOR DE SA\u00daDE &#8211; M\u00c9IER &#8211; RJ"},"content":{"rendered":"<p><span style=\"font-family: 'arial black', sans-serif;\"><strong>REQUERIMENTOS E INFORMA\u00c7\u00d5ES DA VAGA:<\/strong><\/span><\/p>\n<p>Benef\u00edcios Assist\u00eancia M\u00e9dica Assist\u00eancia Odontol\u00f3gica Conv\u00eanio com empresas parceiras Refeit\u00f3rio Seguro de Vida Vale Refei\u00e7\u00e3o Vale Transporte Descri\u00e7\u00e3o da vaga Multinacional norte\u2013americana do setor de sa\u00fade contrata para atuar como Auxiliar Administrativo. O profissional ir\u00e1 Informa\u00e7\u00f5es sobre exames, entrega, laudos; Arquivos, envelopamentos, marca\u00e7\u00e3o de exames. Perfil esperado \/ Requisitos Ensino m\u00e9dio completo. Conhecimento no Pacote Office, n\u00edvel intermedi\u00e1rio\/avan\u00e7ado. Experi\u00eancia no segmento da sa\u00fade como Auxiliar Administrativo.<\/p>\n<p>&nbsp;<\/p>\n<p><span style=\"font-family: 'arial black', sans-serif;\"><strong>CADASTRE O SEU CURR\u00cdCULO:<\/strong><\/span><\/p>\n<p><a href=\"https:\/\/candidato.luandre.com.br\/vagas\/visualizar\/76713\"><img loading=\"lazy\" decoding=\"async\" class=\"alignnone size-full wp-image-96862\" src=\"http:\/\/vagario.com.br\/wp-content\/uploads\/2020\/05\/botaocadastrar.png\" alt=\"\" width=\"200\" height=\"66\" \/><\/a><\/p>\n<p><em><strong>Todas as vagas aqui publicadas como informamos em nossos termos de uso, s\u00e3o de COMPLETA RESPONSABILIDADE dos contratantes\/anunciantes, O RIOVAGA RJ<\/strong><\/em><em><strong>\u00a0n\u00e3o<\/strong><\/em><em><strong>\u00a0 entra em contato com nenhuma empresa para verificar a veracidade das informa\u00e7\u00f5es fornecidas, a responsabilidade da verifica\u00e7\u00e3o das informa\u00e7\u00f5es e demais d\u00favidas das vagas \u00e9 do candidato interessado.<\/strong><\/em><\/p>\n<p><a href=\"whatsapp:\/\/send?text=&quot;RioVaga - Empregos e Vagas Rio de Janeiro - Clique no link para instalar e se candidatar as vagas:&quot;https:\/\/play.google.com\/store\/apps\/details?id=com.riovaga\"><br \/>\nCompartilhe essa vaga com um amigo do Whatsapp &#8211; Clicando Aqui!!<br \/>\n<\/a><\/p>\n","protected":false},"excerpt":{"rendered":"<p>REQUERIMENTOS E INFORMA\u00c7\u00d5ES DA VAGA: Benef\u00edcios Assist\u00eancia M\u00e9dica Assist\u00eancia Odontol\u00f3gica Conv\u00eanio com empresas parceiras Refeit\u00f3rio Seguro de Vida Vale Refei\u00e7\u00e3o<\/p>\n","protected":false},"author":1,"featured_media":858,"comment_status":"closed","ping_status":"closed","sticky":false,"template":"","format":"standard","meta":{"_exactmetrics_skip_tracking":false,"_exactmetrics_sitenote_active":false,"_exactmetrics_sitenote_note":"","_exactmetrics_sitenote_category":0,"footnotes":""},"categories":[13],"tags":[],"class_list":["post-107866","post","type-post","status-publish","format-standard","has-post-thumbnail","hentry","category-auxiliar-administrativo"],"yoast_head":"<!-- This site is optimized with the Yoast SEO plugin v24.4 - https:\/\/yoast.com\/wordpress\/plugins\/seo\/ -->\n<title>AUXILIAR ADMINISTRATIVO - SETOR DE SA\u00daDE - M\u00c9IER - RJ<\/title>\n<meta name=\"description\" content=\"AUXILIAR ADMINISTRATIVO - SETOR DE SA\u00daDE - M\u00c9IER - RJ\" \/>\n<meta name=\"robots\" content=\"index, follow, max-snippet:-1, max-image-preview:large, max-video-preview:-1\" \/>\n<link rel=\"canonical\" href=\"https:\/\/vagario.com.br\/index.php\/2020\/06\/02\/auxiliar-administrativo-setor-de-saude-meier-rj\/\" \/>\n<meta property=\"og:locale\" content=\"pt_BR\" \/>\n<meta property=\"og:type\" content=\"article\" \/>\n<meta property=\"og:title\" content=\"AUXILIAR ADMINISTRATIVO - SETOR DE SA\u00daDE - M\u00c9IER - RJ\" \/>\n<meta property=\"og:description\" content=\"AUXILIAR ADMINISTRATIVO - SETOR DE SA\u00daDE - M\u00c9IER - RJ\" \/>\n<meta property=\"og:url\" content=\"https:\/\/vagario.com.br\/index.php\/2020\/06\/02\/auxiliar-administrativo-setor-de-saude-meier-rj\/\" \/>\n<meta property=\"og:site_name\" content=\"Vagario\" \/>\n<meta property=\"article:published_time\" content=\"2020-06-02T11:45:18+00:00\" \/>\n<meta property=\"og:image\" content=\"https:\/\/vagario.com.br\/wp-content\/uploads\/2019\/12\/carioca256-1.png\" \/>\n\t<meta property=\"og:image:width\" content=\"256\" \/>\n\t<meta property=\"og:image:height\" content=\"256\" \/>\n\t<meta property=\"og:image:type\" content=\"image\/png\" \/>\n<meta name=\"author\" content=\"vagario\" \/>\n<meta name=\"twitter:card\" content=\"summary_large_image\" \/>\n<meta name=\"twitter:label1\" content=\"Escrito por\" \/>\n\t<meta name=\"twitter:data1\" content=\"vagario\" \/>\n\t<meta name=\"twitter:label2\" content=\"Est. tempo de leitura\" \/>\n\t<meta name=\"twitter:data2\" content=\"1 minuto\" \/>\n<script type=\"application\/ld+json\" class=\"yoast-schema-graph\">{\"@context\":\"https:\/\/schema.org\",\"@graph\":[{\"@type\":\"Article\",\"@id\":\"https:\/\/vagario.com.br\/index.php\/2020\/06\/02\/auxiliar-administrativo-setor-de-saude-meier-rj\/#article\",\"isPartOf\":{\"@id\":\"https:\/\/vagario.com.br\/index.php\/2020\/06\/02\/auxiliar-administrativo-setor-de-saude-meier-rj\/\"},\"author\":{\"name\":\"vagario\",\"@id\":\"http:\/\/vagario.com.br\/#\/schema\/person\/54813f918e46846eb68de55fc26439d6\"},\"headline\":\"AUXILIAR ADMINISTRATIVO &#8211; SETOR DE SA\u00daDE &#8211; M\u00c9IER &#8211; RJ\",\"datePublished\":\"2020-06-02T11:45:18+00:00\",\"mainEntityOfPage\":{\"@id\":\"https:\/\/vagario.com.br\/index.php\/2020\/06\/02\/auxiliar-administrativo-setor-de-saude-meier-rj\/\"},\"wordCount\":176,\"publisher\":{\"@id\":\"http:\/\/vagario.com.br\/#\/schema\/person\/54813f918e46846eb68de55fc26439d6\"},\"image\":{\"@id\":\"https:\/\/vagario.com.br\/index.php\/2020\/06\/02\/auxiliar-administrativo-setor-de-saude-meier-rj\/#primaryimage\"},\"thumbnailUrl\":\"https:\/\/vagario.com.br\/wp-content\/uploads\/2019\/12\/riovagafoto.png\",\"articleSection\":[\"Auxiliar Administrativo\"],\"inLanguage\":\"pt-BR\"},{\"@type\":\"WebPage\",\"@id\":\"https:\/\/vagario.com.br\/index.php\/2020\/06\/02\/auxiliar-administrativo-setor-de-saude-meier-rj\/\",\"url\":\"https:\/\/vagario.com.br\/index.php\/2020\/06\/02\/auxiliar-administrativo-setor-de-saude-meier-rj\/\",\"name\":\"AUXILIAR ADMINISTRATIVO - SETOR DE SA\u00daDE - M\u00c9IER - RJ\",\"isPartOf\":{\"@id\":\"http:\/\/vagario.com.br\/#website\"},\"primaryImageOfPage\":{\"@id\":\"https:\/\/vagario.com.br\/index.php\/2020\/06\/02\/auxiliar-administrativo-setor-de-saude-meier-rj\/#primaryimage\"},\"image\":{\"@id\":\"https:\/\/vagario.com.br\/index.php\/2020\/06\/02\/auxiliar-administrativo-setor-de-saude-meier-rj\/#primaryimage\"},\"thumbnailUrl\":\"https:\/\/vagario.com.br\/wp-content\/uploads\/2019\/12\/riovagafoto.png\",\"datePublished\":\"2020-06-02T11:45:18+00:00\",\"description\":\"AUXILIAR ADMINISTRATIVO - SETOR DE SA\u00daDE - M\u00c9IER - RJ\",\"breadcrumb\":{\"@id\":\"https:\/\/vagario.com.br\/index.php\/2020\/06\/02\/auxiliar-administrativo-setor-de-saude-meier-rj\/#breadcrumb\"},\"inLanguage\":\"pt-BR\",\"potentialAction\":[{\"@type\":\"ReadAction\",\"target\":[\"https:\/\/vagario.com.br\/index.php\/2020\/06\/02\/auxiliar-administrativo-setor-de-saude-meier-rj\/\"]}]},{\"@type\":\"ImageObject\",\"inLanguage\":\"pt-BR\",\"@id\":\"https:\/\/vagario.com.br\/index.php\/2020\/06\/02\/auxiliar-administrativo-setor-de-saude-meier-rj\/#primaryimage\",\"url\":\"https:\/\/vagario.com.br\/wp-content\/uploads\/2019\/12\/riovagafoto.png\",\"contentUrl\":\"https:\/\/vagario.com.br\/wp-content\/uploads\/2019\/12\/riovagafoto.png\",\"width\":351,\"height\":294},{\"@type\":\"BreadcrumbList\",\"@id\":\"https:\/\/vagario.com.br\/index.php\/2020\/06\/02\/auxiliar-administrativo-setor-de-saude-meier-rj\/#breadcrumb\",\"itemListElement\":[{\"@type\":\"ListItem\",\"position\":1,\"name\":\"In\u00edcio\",\"item\":\"http:\/\/vagario.com.br\/\"},{\"@type\":\"ListItem\",\"position\":2,\"name\":\"AUXILIAR ADMINISTRATIVO &#8211; SETOR DE SA\u00daDE &#8211; M\u00c9IER &#8211; RJ\"}]},{\"@type\":\"WebSite\",\"@id\":\"http:\/\/vagario.com.br\/#website\",\"url\":\"http:\/\/vagario.com.br\/\",\"name\":\"Vagario\",\"description\":\"Seu Melhor site de Empregos e Vagas\",\"publisher\":{\"@id\":\"http:\/\/vagario.com.br\/#\/schema\/person\/54813f918e46846eb68de55fc26439d6\"},\"potentialAction\":[{\"@type\":\"SearchAction\",\"target\":{\"@type\":\"EntryPoint\",\"urlTemplate\":\"http:\/\/vagario.com.br\/?s={search_term_string}\"},\"query-input\":{\"@type\":\"PropertyValueSpecification\",\"valueRequired\":true,\"valueName\":\"search_term_string\"}}],\"inLanguage\":\"pt-BR\"},{\"@type\":[\"Person\",\"Organization\"],\"@id\":\"http:\/\/vagario.com.br\/#\/schema\/person\/54813f918e46846eb68de55fc26439d6\",\"name\":\"vagario\",\"image\":{\"@type\":\"ImageObject\",\"inLanguage\":\"pt-BR\",\"@id\":\"http:\/\/vagario.com.br\/#\/schema\/person\/image\/\",\"url\":\"https:\/\/secure.gravatar.com\/avatar\/83c677ba6122e98ab37e1afa2508ddf0de0cec8e3065582b3e503ef328b5b67a?s=96&d=mm&r=g\",\"contentUrl\":\"https:\/\/secure.gravatar.com\/avatar\/83c677ba6122e98ab37e1afa2508ddf0de0cec8e3065582b3e503ef328b5b67a?s=96&d=mm&r=g\",\"caption\":\"vagario\"},\"logo\":{\"@id\":\"http:\/\/vagario.com.br\/#\/schema\/person\/image\/\"}}]}<\/script>\n<!-- \/ Yoast SEO plugin. -->","yoast_head_json":{"title":"AUXILIAR ADMINISTRATIVO - SETOR DE SA\u00daDE - M\u00c9IER - RJ","description":"AUXILIAR ADMINISTRATIVO - SETOR DE SA\u00daDE - M\u00c9IER - RJ","robots":{"index":"index","follow":"follow","max-snippet":"max-snippet:-1","max-image-preview":"max-image-preview:large","max-video-preview":"max-video-preview:-1"},"canonical":"https:\/\/vagario.com.br\/index.php\/2020\/06\/02\/auxiliar-administrativo-setor-de-saude-meier-rj\/","og_locale":"pt_BR","og_type":"article","og_title":"AUXILIAR ADMINISTRATIVO - SETOR DE SA\u00daDE - M\u00c9IER - RJ","og_description":"AUXILIAR ADMINISTRATIVO - SETOR DE SA\u00daDE - M\u00c9IER - RJ","og_url":"https:\/\/vagario.com.br\/index.php\/2020\/06\/02\/auxiliar-administrativo-setor-de-saude-meier-rj\/","og_site_name":"Vagario","article_published_time":"2020-06-02T11:45:18+00:00","og_image":[{"width":256,"height":256,"url":"https:\/\/vagario.com.br\/wp-content\/uploads\/2019\/12\/carioca256-1.png","type":"image\/png"}],"author":"vagario","twitter_card":"summary_large_image","twitter_misc":{"Escrito por":"vagario","Est. tempo de leitura":"1 minuto"},"schema":{"@context":"https:\/\/schema.org","@graph":[{"@type":"Article","@id":"https:\/\/vagario.com.br\/index.php\/2020\/06\/02\/auxiliar-administrativo-setor-de-saude-meier-rj\/#article","isPartOf":{"@id":"https:\/\/vagario.com.br\/index.php\/2020\/06\/02\/auxiliar-administrativo-setor-de-saude-meier-rj\/"},"author":{"name":"vagario","@id":"http:\/\/vagario.com.br\/#\/schema\/person\/54813f918e46846eb68de55fc26439d6"},"headline":"AUXILIAR ADMINISTRATIVO &#8211; SETOR DE SA\u00daDE &#8211; M\u00c9IER &#8211; RJ","datePublished":"2020-06-02T11:45:18+00:00","mainEntityOfPage":{"@id":"https:\/\/vagario.com.br\/index.php\/2020\/06\/02\/auxiliar-administrativo-setor-de-saude-meier-rj\/"},"wordCount":176,"publisher":{"@id":"http:\/\/vagario.com.br\/#\/schema\/person\/54813f918e46846eb68de55fc26439d6"},"image":{"@id":"https:\/\/vagario.com.br\/index.php\/2020\/06\/02\/auxiliar-administrativo-setor-de-saude-meier-rj\/#primaryimage"},"thumbnailUrl":"https:\/\/vagario.com.br\/wp-content\/uploads\/2019\/12\/riovagafoto.png","articleSection":["Auxiliar Administrativo"],"inLanguage":"pt-BR"},{"@type":"WebPage","@id":"https:\/\/vagario.com.br\/index.php\/2020\/06\/02\/auxiliar-administrativo-setor-de-saude-meier-rj\/","url":"https:\/\/vagario.com.br\/index.php\/2020\/06\/02\/auxiliar-administrativo-setor-de-saude-meier-rj\/","name":"AUXILIAR ADMINISTRATIVO - SETOR DE SA\u00daDE - M\u00c9IER - RJ","isPartOf":{"@id":"http:\/\/vagario.com.br\/#website"},"primaryImageOfPage":{"@id":"https:\/\/vagario.com.br\/index.php\/2020\/06\/02\/auxiliar-administrativo-setor-de-saude-meier-rj\/#primaryimage"},"image":{"@id":"https:\/\/vagario.com.br\/index.php\/2020\/06\/02\/auxiliar-administrativo-setor-de-saude-meier-rj\/#primaryimage"},"thumbnailUrl":"https:\/\/vagario.com.br\/wp-content\/uploads\/2019\/12\/riovagafoto.png","datePublished":"2020-06-02T11:45:18+00:00","description":"AUXILIAR ADMINISTRATIVO - SETOR DE SA\u00daDE - M\u00c9IER - RJ","breadcrumb":{"@id":"https:\/\/vagario.com.br\/index.php\/2020\/06\/02\/auxiliar-administrativo-setor-de-saude-meier-rj\/#breadcrumb"},"inLanguage":"pt-BR","potentialAction":[{"@type":"ReadAction","target":["https:\/\/vagario.com.br\/index.php\/2020\/06\/02\/auxiliar-administrativo-setor-de-saude-meier-rj\/"]}]},{"@type":"ImageObject","inLanguage":"pt-BR","@id":"https:\/\/vagario.com.br\/index.php\/2020\/06\/02\/auxiliar-administrativo-setor-de-saude-meier-rj\/#primaryimage","url":"https:\/\/vagario.com.br\/wp-content\/uploads\/2019\/12\/riovagafoto.png","contentUrl":"https:\/\/vagario.com.br\/wp-content\/uploads\/2019\/12\/riovagafoto.png","width":351,"height":294},{"@type":"BreadcrumbList","@id":"https:\/\/vagario.com.br\/index.php\/2020\/06\/02\/auxiliar-administrativo-setor-de-saude-meier-rj\/#breadcrumb","itemListElement":[{"@type":"ListItem","position":1,"name":"In\u00edcio","item":"http:\/\/vagario.com.br\/"},{"@type":"ListItem","position":2,"name":"AUXILIAR ADMINISTRATIVO &#8211; SETOR DE SA\u00daDE &#8211; M\u00c9IER &#8211; RJ"}]},{"@type":"WebSite","@id":"http:\/\/vagario.com.br\/#website","url":"http:\/\/vagario.com.br\/","name":"Vagario","description":"Seu Melhor site de Empregos e Vagas","publisher":{"@id":"http:\/\/vagario.com.br\/#\/schema\/person\/54813f918e46846eb68de55fc26439d6"},"potentialAction":[{"@type":"SearchAction","target":{"@type":"EntryPoint","urlTemplate":"http:\/\/vagario.com.br\/?s={search_term_string}"},"query-input":{"@type":"PropertyValueSpecification","valueRequired":true,"valueName":"search_term_string"}}],"inLanguage":"pt-BR"},{"@type":["Person","Organization"],"@id":"http:\/\/vagario.com.br\/#\/schema\/person\/54813f918e46846eb68de55fc26439d6","name":"vagario","image":{"@type":"ImageObject","inLanguage":"pt-BR","@id":"http:\/\/vagario.com.br\/#\/schema\/person\/image\/","url":"https:\/\/secure.gravatar.com\/avatar\/83c677ba6122e98ab37e1afa2508ddf0de0cec8e3065582b3e503ef328b5b67a?s=96&d=mm&r=g","contentUrl":"https:\/\/secure.gravatar.com\/avatar\/83c677ba6122e98ab37e1afa2508ddf0de0cec8e3065582b3e503ef328b5b67a?s=96&d=mm&r=g","caption":"vagario"},"logo":{"@id":"http:\/\/vagario.com.br\/#\/schema\/person\/image\/"}}]}},"_links":{"self":[{"href":"https:\/\/vagario.com.br\/index.php\/wp-json\/wp\/v2\/posts\/107866","targetHints":{"allow":["GET"]}}],"collection":[{"href":"https:\/\/vagario.com.br\/index.php\/wp-json\/wp\/v2\/posts"}],"about":[{"href":"https:\/\/vagario.com.br\/index.php\/wp-json\/wp\/v2\/types\/post"}],"author":[{"embeddable":true,"href":"https:\/\/vagario.com.br\/index.php\/wp-json\/wp\/v2\/users\/1"}],"replies":[{"embeddable":true,"href":"https:\/\/vagario.com.br\/index.php\/wp-json\/wp\/v2\/comments?post=107866"}],"version-history":[{"count":1,"href":"https:\/\/vagario.com.br\/index.php\/wp-json\/wp\/v2\/posts\/107866\/revisions"}],"predecessor-version":[{"id":107867,"href":"https:\/\/vagario.com.br\/index.php\/wp-json\/wp\/v2\/posts\/107866\/revisions\/107867"}],"wp:featuredmedia":[{"embeddable":true,"href":"https:\/\/vagario.com.br\/index.php\/wp-json\/wp\/v2\/media\/858"}],"wp:attachment":[{"href":"https:\/\/vagario.com.br\/index.php\/wp-json\/wp\/v2\/media?parent=107866"}],"wp:term":[{"taxonomy":"category","embeddable":true,"href":"https:\/\/vagario.com.br\/index.php\/wp-json\/wp\/v2\/categories?post=107866"},{"taxonomy":"post_tag","embeddable":true,"href":"https:\/\/vagario.com.br\/index.php\/wp-json\/wp\/v2\/tags?post=107866"}],"curies":[{"name":"wp","href":"https:\/\/api.w.org\/{rel}","templated":true}]}}