{"id":107287,"date":"2020-06-01T13:40:15","date_gmt":"2020-06-01T16:40:15","guid":{"rendered":"http:\/\/vagario.com.br\/?p=107287"},"modified":"2020-06-01T13:40:15","modified_gmt":"2020-06-01T16:40:15","slug":"light-abre-vagas-setor-administrativo-nova-iguacu-rj","status":"publish","type":"post","link":"https:\/\/vagario.com.br\/index.php\/2020\/06\/01\/light-abre-vagas-setor-administrativo-nova-iguacu-rj\/","title":{"rendered":"LIGHT ABRE VAGAS &#8211; SETOR ADMINISTRATIVO &#8211; NOVA IGUA\u00c7U &#8211; RJ"},"content":{"rendered":"<p><span style=\"font-family: 'arial black', sans-serif;\"><strong>REQUERIMENTOS E INFORMA\u00c7\u00d5ES DA VAGA:<\/strong><\/span><\/p>\n<p>Agente Administrativo J\u00fanior \u2013 Light \u2013 Nova Igua\u00e7u Descri\u00e7\u00e3o C\u00e9lula de Qualidade Atividades espec\u00edficas: \u00b7 Mapear processos, identificar e organizar itens de controle e verifica\u00e7\u00e3o, analisar n\u00e3o conformidades, investigar as causas al\u00e9m de implementar e monitorar a efic\u00e1cia das a\u00e7\u00f5es propostas para corre\u00e7\u00e3o solu\u00e7\u00e3o do problema, bem como controlar os prazos estabelecidos para o encerramento das mesmas; \u00b7 Garantir o atendimento de todos os requisitos estabelecidos ao procedimento de Reclama\u00e7\u00f5es de cliente al\u00e9m de assegurar que os prazos sejam cumpridos; \u00b7 Acompanhar e controlar os indicadores, elaborar os relat\u00f3rios, auxiliando a ger\u00eancia nas informa\u00e7\u00f5es necess\u00e1rias \u00e0 tomada de decis\u00f5es; \u00b7 Preparar treinamentos e palestras de conscientiza\u00e7\u00e3o necess\u00e1ria \u00e0 Qualidade; \u00b7 Elaborar procedimentos; \u00b7 Controlar documenta\u00e7\u00e3o, altera\u00e7\u00e3o, cria\u00e7\u00e3o, etc; Conhecimento espec\u00edfico: \u00b7 Sete ferramentas da qualidade: Histograma, Diagrama de Pareto, Diagrama de Ishikawa, Carta de Controle, Fluxograma de processos, Diagrama de dispers\u00e3o, Folha de verifica\u00e7\u00e3o. \u00b7 5S; \u00b7 Manuten\u00e7\u00e3o Aut\u00f4noma; \u00b7 MASP (M\u00e9todo de An\u00e1lise e Solu\u00e7\u00e3o de Problemas). Caracter\u00edsticas pessoais: Foco, pensamento sist\u00eamico, Organiza\u00e7\u00e3o, perfil integrador, vis\u00e3o estrat\u00e9gica e lideran\u00e7a. Desej\u00e1vel: Forma\u00e7\u00e3o em Administra\u00e7\u00e3o; Cursos de extens\u00e3o na \u00e1rea de qualidade, com experi\u00eancia s\u00f3lida. Local de trabalho: Nova Igua\u00e7u.<\/p>\n<p>&nbsp;<\/p>\n<p><span style=\"font-family: 'arial black', sans-serif;\"><strong>CADASTRE O SEU CURR\u00cdCULO:<\/strong><\/span><\/p>\n<p><a href=\"https:\/\/www.vagas.com.br\/vagas\/v2068925\/agente-administrativo-junior\"><img loading=\"lazy\" decoding=\"async\" class=\"alignnone size-full wp-image-96862\" src=\"http:\/\/vagario.com.br\/wp-content\/uploads\/2020\/05\/botaocadastrar.png\" alt=\"\" width=\"200\" height=\"66\" \/><\/a><\/p>\n<p><em><strong>Todas as vagas aqui publicadas como informamos em nossos termos de uso, s\u00e3o de COMPLETA RESPONSABILIDADE dos contratantes\/anunciantes, O RIOVAGA RJ<\/strong><\/em><em><strong>\u00a0n\u00e3o<\/strong><\/em><em><strong>\u00a0 entra em contato com nenhuma empresa para verificar a veracidade das informa\u00e7\u00f5es fornecidas, a responsabilidade da verifica\u00e7\u00e3o das informa\u00e7\u00f5es e demais d\u00favidas das vagas \u00e9 do candidato interessado.<\/strong><\/em><\/p>\n<p><a href=\"whatsapp:\/\/send?text=&quot;RioVaga - Empregos e Vagas Rio de Janeiro - Clique no link para instalar e se candidatar as vagas:&quot;https:\/\/play.google.com\/store\/apps\/details?id=com.riovaga\"><br \/>\nCompartilhe essa vaga com um amigo do Whatsapp &#8211; Clicando Aqui!!<br \/>\n<\/a><\/p>\n","protected":false},"excerpt":{"rendered":"<p>REQUERIMENTOS E INFORMA\u00c7\u00d5ES DA VAGA: Agente Administrativo J\u00fanior \u2013 Light \u2013 Nova Igua\u00e7u Descri\u00e7\u00e3o C\u00e9lula de Qualidade Atividades espec\u00edficas: \u00b7<\/p>\n","protected":false},"author":1,"featured_media":858,"comment_status":"closed","ping_status":"closed","sticky":false,"template":"","format":"standard","meta":{"_exactmetrics_skip_tracking":false,"_exactmetrics_sitenote_active":false,"_exactmetrics_sitenote_note":"","_exactmetrics_sitenote_category":0,"footnotes":""},"categories":[13],"tags":[],"class_list":["post-107287","post","type-post","status-publish","format-standard","has-post-thumbnail","hentry","category-auxiliar-administrativo"],"yoast_head":"<!-- This site is optimized with the Yoast SEO plugin v24.4 - https:\/\/yoast.com\/wordpress\/plugins\/seo\/ -->\n<title>LIGHT ABRE VAGAS - SETOR ADMINISTRATIVO - NOVA IGUA\u00c7U - RJ<\/title>\n<meta name=\"description\" content=\"LIGHT ABRE VAGAS - SETOR ADMINISTRATIVO - NOVA IGUA\u00c7U - RJ\" \/>\n<meta name=\"robots\" content=\"index, follow, max-snippet:-1, max-image-preview:large, max-video-preview:-1\" \/>\n<link rel=\"canonical\" href=\"https:\/\/vagario.com.br\/index.php\/2020\/06\/01\/light-abre-vagas-setor-administrativo-nova-iguacu-rj\/\" \/>\n<meta property=\"og:locale\" content=\"pt_BR\" \/>\n<meta property=\"og:type\" content=\"article\" \/>\n<meta property=\"og:title\" content=\"LIGHT ABRE VAGAS - SETOR ADMINISTRATIVO - NOVA IGUA\u00c7U - RJ\" \/>\n<meta property=\"og:description\" content=\"LIGHT ABRE VAGAS - SETOR ADMINISTRATIVO - NOVA IGUA\u00c7U - RJ\" \/>\n<meta property=\"og:url\" content=\"https:\/\/vagario.com.br\/index.php\/2020\/06\/01\/light-abre-vagas-setor-administrativo-nova-iguacu-rj\/\" \/>\n<meta property=\"og:site_name\" content=\"Vagario\" \/>\n<meta property=\"article:published_time\" content=\"2020-06-01T16:40:15+00:00\" \/>\n<meta property=\"og:image\" content=\"https:\/\/vagario.com.br\/wp-content\/uploads\/2019\/12\/carioca256-1.png\" \/>\n\t<meta property=\"og:image:width\" content=\"256\" \/>\n\t<meta property=\"og:image:height\" content=\"256\" \/>\n\t<meta property=\"og:image:type\" content=\"image\/png\" \/>\n<meta name=\"author\" content=\"vagario\" \/>\n<meta name=\"twitter:card\" content=\"summary_large_image\" \/>\n<meta name=\"twitter:label1\" content=\"Escrito por\" \/>\n\t<meta name=\"twitter:data1\" content=\"vagario\" \/>\n\t<meta name=\"twitter:label2\" content=\"Est. tempo de leitura\" \/>\n\t<meta name=\"twitter:data2\" content=\"1 minuto\" \/>\n<script type=\"application\/ld+json\" class=\"yoast-schema-graph\">{\"@context\":\"https:\/\/schema.org\",\"@graph\":[{\"@type\":\"Article\",\"@id\":\"https:\/\/vagario.com.br\/index.php\/2020\/06\/01\/light-abre-vagas-setor-administrativo-nova-iguacu-rj\/#article\",\"isPartOf\":{\"@id\":\"https:\/\/vagario.com.br\/index.php\/2020\/06\/01\/light-abre-vagas-setor-administrativo-nova-iguacu-rj\/\"},\"author\":{\"name\":\"vagario\",\"@id\":\"http:\/\/vagario.com.br\/#\/schema\/person\/54813f918e46846eb68de55fc26439d6\"},\"headline\":\"LIGHT ABRE VAGAS &#8211; SETOR ADMINISTRATIVO &#8211; NOVA IGUA\u00c7U &#8211; RJ\",\"datePublished\":\"2020-06-01T16:40:15+00:00\",\"mainEntityOfPage\":{\"@id\":\"https:\/\/vagario.com.br\/index.php\/2020\/06\/01\/light-abre-vagas-setor-administrativo-nova-iguacu-rj\/\"},\"wordCount\":311,\"publisher\":{\"@id\":\"http:\/\/vagario.com.br\/#\/schema\/person\/54813f918e46846eb68de55fc26439d6\"},\"image\":{\"@id\":\"https:\/\/vagario.com.br\/index.php\/2020\/06\/01\/light-abre-vagas-setor-administrativo-nova-iguacu-rj\/#primaryimage\"},\"thumbnailUrl\":\"https:\/\/vagario.com.br\/wp-content\/uploads\/2019\/12\/riovagafoto.png\",\"articleSection\":[\"Auxiliar Administrativo\"],\"inLanguage\":\"pt-BR\"},{\"@type\":\"WebPage\",\"@id\":\"https:\/\/vagario.com.br\/index.php\/2020\/06\/01\/light-abre-vagas-setor-administrativo-nova-iguacu-rj\/\",\"url\":\"https:\/\/vagario.com.br\/index.php\/2020\/06\/01\/light-abre-vagas-setor-administrativo-nova-iguacu-rj\/\",\"name\":\"LIGHT ABRE VAGAS - SETOR ADMINISTRATIVO - NOVA IGUA\u00c7U - RJ\",\"isPartOf\":{\"@id\":\"http:\/\/vagario.com.br\/#website\"},\"primaryImageOfPage\":{\"@id\":\"https:\/\/vagario.com.br\/index.php\/2020\/06\/01\/light-abre-vagas-setor-administrativo-nova-iguacu-rj\/#primaryimage\"},\"image\":{\"@id\":\"https:\/\/vagario.com.br\/index.php\/2020\/06\/01\/light-abre-vagas-setor-administrativo-nova-iguacu-rj\/#primaryimage\"},\"thumbnailUrl\":\"https:\/\/vagario.com.br\/wp-content\/uploads\/2019\/12\/riovagafoto.png\",\"datePublished\":\"2020-06-01T16:40:15+00:00\",\"description\":\"LIGHT ABRE VAGAS - SETOR ADMINISTRATIVO - NOVA IGUA\u00c7U - RJ\",\"breadcrumb\":{\"@id\":\"https:\/\/vagario.com.br\/index.php\/2020\/06\/01\/light-abre-vagas-setor-administrativo-nova-iguacu-rj\/#breadcrumb\"},\"inLanguage\":\"pt-BR\",\"potentialAction\":[{\"@type\":\"ReadAction\",\"target\":[\"https:\/\/vagario.com.br\/index.php\/2020\/06\/01\/light-abre-vagas-setor-administrativo-nova-iguacu-rj\/\"]}]},{\"@type\":\"ImageObject\",\"inLanguage\":\"pt-BR\",\"@id\":\"https:\/\/vagario.com.br\/index.php\/2020\/06\/01\/light-abre-vagas-setor-administrativo-nova-iguacu-rj\/#primaryimage\",\"url\":\"https:\/\/vagario.com.br\/wp-content\/uploads\/2019\/12\/riovagafoto.png\",\"contentUrl\":\"https:\/\/vagario.com.br\/wp-content\/uploads\/2019\/12\/riovagafoto.png\",\"width\":351,\"height\":294},{\"@type\":\"BreadcrumbList\",\"@id\":\"https:\/\/vagario.com.br\/index.php\/2020\/06\/01\/light-abre-vagas-setor-administrativo-nova-iguacu-rj\/#breadcrumb\",\"itemListElement\":[{\"@type\":\"ListItem\",\"position\":1,\"name\":\"In\u00edcio\",\"item\":\"http:\/\/vagario.com.br\/\"},{\"@type\":\"ListItem\",\"position\":2,\"name\":\"LIGHT ABRE VAGAS &#8211; SETOR ADMINISTRATIVO &#8211; NOVA IGUA\u00c7U &#8211; RJ\"}]},{\"@type\":\"WebSite\",\"@id\":\"http:\/\/vagario.com.br\/#website\",\"url\":\"http:\/\/vagario.com.br\/\",\"name\":\"Vagario\",\"description\":\"Seu Melhor site de Empregos e Vagas\",\"publisher\":{\"@id\":\"http:\/\/vagario.com.br\/#\/schema\/person\/54813f918e46846eb68de55fc26439d6\"},\"potentialAction\":[{\"@type\":\"SearchAction\",\"target\":{\"@type\":\"EntryPoint\",\"urlTemplate\":\"http:\/\/vagario.com.br\/?s={search_term_string}\"},\"query-input\":{\"@type\":\"PropertyValueSpecification\",\"valueRequired\":true,\"valueName\":\"search_term_string\"}}],\"inLanguage\":\"pt-BR\"},{\"@type\":[\"Person\",\"Organization\"],\"@id\":\"http:\/\/vagario.com.br\/#\/schema\/person\/54813f918e46846eb68de55fc26439d6\",\"name\":\"vagario\",\"image\":{\"@type\":\"ImageObject\",\"inLanguage\":\"pt-BR\",\"@id\":\"http:\/\/vagario.com.br\/#\/schema\/person\/image\/\",\"url\":\"https:\/\/secure.gravatar.com\/avatar\/83c677ba6122e98ab37e1afa2508ddf0de0cec8e3065582b3e503ef328b5b67a?s=96&d=mm&r=g\",\"contentUrl\":\"https:\/\/secure.gravatar.com\/avatar\/83c677ba6122e98ab37e1afa2508ddf0de0cec8e3065582b3e503ef328b5b67a?s=96&d=mm&r=g\",\"caption\":\"vagario\"},\"logo\":{\"@id\":\"http:\/\/vagario.com.br\/#\/schema\/person\/image\/\"}}]}<\/script>\n<!-- \/ Yoast SEO plugin. -->","yoast_head_json":{"title":"LIGHT ABRE VAGAS - SETOR ADMINISTRATIVO - NOVA IGUA\u00c7U - RJ","description":"LIGHT ABRE VAGAS - SETOR ADMINISTRATIVO - NOVA IGUA\u00c7U - RJ","robots":{"index":"index","follow":"follow","max-snippet":"max-snippet:-1","max-image-preview":"max-image-preview:large","max-video-preview":"max-video-preview:-1"},"canonical":"https:\/\/vagario.com.br\/index.php\/2020\/06\/01\/light-abre-vagas-setor-administrativo-nova-iguacu-rj\/","og_locale":"pt_BR","og_type":"article","og_title":"LIGHT ABRE VAGAS - SETOR ADMINISTRATIVO - NOVA IGUA\u00c7U - RJ","og_description":"LIGHT ABRE VAGAS - SETOR ADMINISTRATIVO - NOVA IGUA\u00c7U - RJ","og_url":"https:\/\/vagario.com.br\/index.php\/2020\/06\/01\/light-abre-vagas-setor-administrativo-nova-iguacu-rj\/","og_site_name":"Vagario","article_published_time":"2020-06-01T16:40:15+00:00","og_image":[{"width":256,"height":256,"url":"https:\/\/vagario.com.br\/wp-content\/uploads\/2019\/12\/carioca256-1.png","type":"image\/png"}],"author":"vagario","twitter_card":"summary_large_image","twitter_misc":{"Escrito por":"vagario","Est. tempo de leitura":"1 minuto"},"schema":{"@context":"https:\/\/schema.org","@graph":[{"@type":"Article","@id":"https:\/\/vagario.com.br\/index.php\/2020\/06\/01\/light-abre-vagas-setor-administrativo-nova-iguacu-rj\/#article","isPartOf":{"@id":"https:\/\/vagario.com.br\/index.php\/2020\/06\/01\/light-abre-vagas-setor-administrativo-nova-iguacu-rj\/"},"author":{"name":"vagario","@id":"http:\/\/vagario.com.br\/#\/schema\/person\/54813f918e46846eb68de55fc26439d6"},"headline":"LIGHT ABRE VAGAS &#8211; SETOR ADMINISTRATIVO &#8211; NOVA IGUA\u00c7U &#8211; RJ","datePublished":"2020-06-01T16:40:15+00:00","mainEntityOfPage":{"@id":"https:\/\/vagario.com.br\/index.php\/2020\/06\/01\/light-abre-vagas-setor-administrativo-nova-iguacu-rj\/"},"wordCount":311,"publisher":{"@id":"http:\/\/vagario.com.br\/#\/schema\/person\/54813f918e46846eb68de55fc26439d6"},"image":{"@id":"https:\/\/vagario.com.br\/index.php\/2020\/06\/01\/light-abre-vagas-setor-administrativo-nova-iguacu-rj\/#primaryimage"},"thumbnailUrl":"https:\/\/vagario.com.br\/wp-content\/uploads\/2019\/12\/riovagafoto.png","articleSection":["Auxiliar Administrativo"],"inLanguage":"pt-BR"},{"@type":"WebPage","@id":"https:\/\/vagario.com.br\/index.php\/2020\/06\/01\/light-abre-vagas-setor-administrativo-nova-iguacu-rj\/","url":"https:\/\/vagario.com.br\/index.php\/2020\/06\/01\/light-abre-vagas-setor-administrativo-nova-iguacu-rj\/","name":"LIGHT ABRE VAGAS - SETOR ADMINISTRATIVO - NOVA IGUA\u00c7U - RJ","isPartOf":{"@id":"http:\/\/vagario.com.br\/#website"},"primaryImageOfPage":{"@id":"https:\/\/vagario.com.br\/index.php\/2020\/06\/01\/light-abre-vagas-setor-administrativo-nova-iguacu-rj\/#primaryimage"},"image":{"@id":"https:\/\/vagario.com.br\/index.php\/2020\/06\/01\/light-abre-vagas-setor-administrativo-nova-iguacu-rj\/#primaryimage"},"thumbnailUrl":"https:\/\/vagario.com.br\/wp-content\/uploads\/2019\/12\/riovagafoto.png","datePublished":"2020-06-01T16:40:15+00:00","description":"LIGHT ABRE VAGAS - SETOR ADMINISTRATIVO - NOVA IGUA\u00c7U - RJ","breadcrumb":{"@id":"https:\/\/vagario.com.br\/index.php\/2020\/06\/01\/light-abre-vagas-setor-administrativo-nova-iguacu-rj\/#breadcrumb"},"inLanguage":"pt-BR","potentialAction":[{"@type":"ReadAction","target":["https:\/\/vagario.com.br\/index.php\/2020\/06\/01\/light-abre-vagas-setor-administrativo-nova-iguacu-rj\/"]}]},{"@type":"ImageObject","inLanguage":"pt-BR","@id":"https:\/\/vagario.com.br\/index.php\/2020\/06\/01\/light-abre-vagas-setor-administrativo-nova-iguacu-rj\/#primaryimage","url":"https:\/\/vagario.com.br\/wp-content\/uploads\/2019\/12\/riovagafoto.png","contentUrl":"https:\/\/vagario.com.br\/wp-content\/uploads\/2019\/12\/riovagafoto.png","width":351,"height":294},{"@type":"BreadcrumbList","@id":"https:\/\/vagario.com.br\/index.php\/2020\/06\/01\/light-abre-vagas-setor-administrativo-nova-iguacu-rj\/#breadcrumb","itemListElement":[{"@type":"ListItem","position":1,"name":"In\u00edcio","item":"http:\/\/vagario.com.br\/"},{"@type":"ListItem","position":2,"name":"LIGHT ABRE VAGAS &#8211; SETOR ADMINISTRATIVO &#8211; NOVA IGUA\u00c7U &#8211; RJ"}]},{"@type":"WebSite","@id":"http:\/\/vagario.com.br\/#website","url":"http:\/\/vagario.com.br\/","name":"Vagario","description":"Seu Melhor site de Empregos e Vagas","publisher":{"@id":"http:\/\/vagario.com.br\/#\/schema\/person\/54813f918e46846eb68de55fc26439d6"},"potentialAction":[{"@type":"SearchAction","target":{"@type":"EntryPoint","urlTemplate":"http:\/\/vagario.com.br\/?s={search_term_string}"},"query-input":{"@type":"PropertyValueSpecification","valueRequired":true,"valueName":"search_term_string"}}],"inLanguage":"pt-BR"},{"@type":["Person","Organization"],"@id":"http:\/\/vagario.com.br\/#\/schema\/person\/54813f918e46846eb68de55fc26439d6","name":"vagario","image":{"@type":"ImageObject","inLanguage":"pt-BR","@id":"http:\/\/vagario.com.br\/#\/schema\/person\/image\/","url":"https:\/\/secure.gravatar.com\/avatar\/83c677ba6122e98ab37e1afa2508ddf0de0cec8e3065582b3e503ef328b5b67a?s=96&d=mm&r=g","contentUrl":"https:\/\/secure.gravatar.com\/avatar\/83c677ba6122e98ab37e1afa2508ddf0de0cec8e3065582b3e503ef328b5b67a?s=96&d=mm&r=g","caption":"vagario"},"logo":{"@id":"http:\/\/vagario.com.br\/#\/schema\/person\/image\/"}}]}},"_links":{"self":[{"href":"https:\/\/vagario.com.br\/index.php\/wp-json\/wp\/v2\/posts\/107287","targetHints":{"allow":["GET"]}}],"collection":[{"href":"https:\/\/vagario.com.br\/index.php\/wp-json\/wp\/v2\/posts"}],"about":[{"href":"https:\/\/vagario.com.br\/index.php\/wp-json\/wp\/v2\/types\/post"}],"author":[{"embeddable":true,"href":"https:\/\/vagario.com.br\/index.php\/wp-json\/wp\/v2\/users\/1"}],"replies":[{"embeddable":true,"href":"https:\/\/vagario.com.br\/index.php\/wp-json\/wp\/v2\/comments?post=107287"}],"version-history":[{"count":1,"href":"https:\/\/vagario.com.br\/index.php\/wp-json\/wp\/v2\/posts\/107287\/revisions"}],"predecessor-version":[{"id":107288,"href":"https:\/\/vagario.com.br\/index.php\/wp-json\/wp\/v2\/posts\/107287\/revisions\/107288"}],"wp:featuredmedia":[{"embeddable":true,"href":"https:\/\/vagario.com.br\/index.php\/wp-json\/wp\/v2\/media\/858"}],"wp:attachment":[{"href":"https:\/\/vagario.com.br\/index.php\/wp-json\/wp\/v2\/media?parent=107287"}],"wp:term":[{"taxonomy":"category","embeddable":true,"href":"https:\/\/vagario.com.br\/index.php\/wp-json\/wp\/v2\/categories?post=107287"},{"taxonomy":"post_tag","embeddable":true,"href":"https:\/\/vagario.com.br\/index.php\/wp-json\/wp\/v2\/tags?post=107287"}],"curies":[{"name":"wp","href":"https:\/\/api.w.org\/{rel}","templated":true}]}}