{"id":119517,"date":"2021-09-29T10:25:08","date_gmt":"2021-09-29T13:25:08","guid":{"rendered":"http:\/\/vagario.com.br\/?p=119517"},"modified":"2021-09-29T10:25:08","modified_gmt":"2021-09-29T13:25:08","slug":"auxiliar-administrativo-rede-dor-hospital-rio-mar-2-vagas-rio-de-janeiro-rj","status":"publish","type":"post","link":"http:\/\/vagario.com.br\/index.php\/2021\/09\/29\/auxiliar-administrativo-rede-dor-hospital-rio-mar-2-vagas-rio-de-janeiro-rj\/","title":{"rendered":"AUXILIAR ADMINISTRATIVO &#8211; REDE D&#8217;OR &#8211; HOSPITAL RIO MAR &#8211; 2 VAGAS &#8211; RIO DE JANEIRO &#8211; RJ"},"content":{"rendered":"<h6><span style=\"font-family: 'courier new', courier, monospace;\"><em><strong>A VAGA DE EMPREGO DESCRITA ABAIXO FOI ENVIADA ATRAV\u00c9S DO NOSSO FORMUL\u00c1RIO DE ENVIO DE VAGAS PELO E-MAIL.<br \/>\nLEIA ATENTAMENTE TODAS AS INFORMA\u00c7\u00d5ES DA VAGA E CASO ESTEJA DENTRO DO PERFIL DA VAGA ENVIE O SEU CURR\u00cdCULO, CASO CONTRARIO N\u00c3O ENVIE,<br \/>\nPOIS TODOS OS CURR\u00cdCULOS QUE N\u00c3O ESTEJAM NO PERFIL DA VAGA SER\u00c3O AUTOMATICAMENTE EXCLU\u00cdDOS.<\/strong><\/em><\/span><\/h6>\n<p>&nbsp;<\/p>\n<p><span style=\"font-family: 'arial black', sans-serif;\"><strong> T\u00cdTULO DA OPORTUNIDADE DE EMPREGO:<\/strong><\/span><\/p>\n<p>AUXILIAR ADMINISTRATIVO &#8211; REDE D&#8217;OR &#8211; HOSPITAL RIO MAR &#8211; 2 VAGAS &#8211; RIO DE JANEIRO &#8211; RJ<\/p>\n<p><span style=\"font-family: 'arial black', sans-serif;\"><strong>EMPRESA CONTRATANTE:<\/strong><\/span><\/p>\n<p>REDE D&#8217;OR<\/p>\n<p><span style=\"font-family: 'arial black', sans-serif;\"><strong>REQUERIMENTOS E INFORMA\u00c7\u00d5ES DA VAGA:<\/strong><\/span><\/p>\n<p><strong>A Rede D&#8217;Or S\u00e3o Luiz em n\u00fameros:<\/strong><\/p>\n<p>&#8211; 54 hospitais e+ 45 cl\u00ednicas oncol\u00f3gicas;<br \/>\n&#8211; 9 mil leitos;<br \/>\n&#8211; 58 mil colaboradores;<br \/>\n&#8211; Mais de 40 hospitais certificados.<\/p>\n<p>Buscamos talentos que estejam alinhados aos valores da institui\u00e7\u00e3o. Se voc\u00ea \u00e9 um profissional qualificado, de perfil inovador e sintonizado com o que h\u00e1 de mais atual em sua \u00e1rea de atua\u00e7\u00e3o, junte-se \u00e0 nossa equipe.<\/p>\n<p>Oferecemos mais que vagas de trabalho, oferecemos oportunidades para voc\u00ea fazer a diferen\u00e7a.<\/p>\n<p><strong>&#8211; Forma\u00e7\u00e3o;<\/strong><\/p>\n<p>Ensino m\u00e9dio completo.<\/p>\n<p><strong>&#8211; Experi\u00eancia;<\/strong><\/p>\n<p>Desej\u00e1vel experi\u00eancia com Pacote Office.<\/p>\n<p>Desej\u00e1vel experi\u00eancia anterior com a \u00e1rea administrativa.<\/p>\n<p><strong>&#8211; Resumo das principais atividades;<\/strong><\/p>\n<p>Responsabilizar-se pelo recebimento, cadastro e o fluxo de informa\u00e7\u00f5es relacionadas aos exames laboratoriais, por meio de controles espec\u00edficos, com o objetivo de manter o setor organizado e permitir a acessibilidade dos resultados dos exames na rede;<br \/>\nDar suporte administrativo \u00e0 \u00e1rea t\u00e9cnica, coleta e supervis\u00e3o(sem contato com material biol\u00f3gico\/infectante ou qu\u00edmico); Dar suporte \u00e0 organiza\u00e7\u00e3o e ao controle de estoque; Realizar solicita\u00e7\u00e3o de pedidos de materiais via sistema interno e ou externo e planilhas;<br \/>\nAtendimento a clientes e fornecedores, orientando, enviando e recebendo informa\u00e7\u00f5es pessoalmente, via telefone e ou email; tratar de documentos variados, cumprindo todo o procedimento necess\u00e1rio referente aos mesmos;<br \/>\nRealizar fluxo de controle e envio a pagamento de Nota Fiscal;<br \/>\nAux\u00edlio para sanar d\u00favidas e na resolu\u00e7\u00e3o de problemas relacionados ao laborat\u00f3rio junto a todos os setores do hospital e centro m\u00e9dico.<br \/>\nAuxiliar no cumprimento do fluxo de autoriza\u00e7\u00e3o de exames;<\/p>\n<p>Manter comunica\u00e7\u00e3o efetiva com colaboradores do laborat\u00f3rio e demais unidades hospitalares, a fim de auxiliar e sanar d\u00favidas quanto ao fluxo dos exames e entrega dos resultados laboratoriais.<br \/>\nGarantir a acessibilidade dos documentos t\u00e9cnicos da \u00e1rea, por meio do arquivamento e organiza\u00e7\u00e3o de laudos e prescri\u00e7\u00f5es m\u00e9dicas, a fim de mant\u00ea-los dispon\u00edveis a todos os envolvidos nos processos do Laborat\u00f3rio da unidade.<br \/>\nAbertura e acompanhamento de chamados auxiliando os setores de coleta e \u00e1rea t\u00e9cnica;<br \/>\nAuxiliar nos fluxos relacionados ao setor de Faturamento;<br \/>\nParticipar de treinamento e multiplicar informa\u00e7\u00f5es quando necess\u00e1rio.<br \/>\nPreparar relat\u00f3rios e planilhas de acordo com a demanda;<br \/>\nManter organiza\u00e7\u00e3o de seu local de trabalho;<\/p>\n<p><strong>&#8211; Local de trabalho;<\/strong><\/p>\n<p>Barra da Tijuca.<\/p>\n<p><strong>&#8211; Escala de trabalho<\/strong>;<\/p>\n<p>2\u00ba \u00e0 6\u00ba (07h \u00e0s 16h) Sab (07h \u00e0s 11h) e 12&#215;36 (07h \u00e0s 19h).<\/p>\n<hr \/>\n<p><span id=\"Pr2Tn\" style=\"font-family: Verdana, Arial; font-size: small;\"><b>Benef\u00edcios<\/b><br \/>\nAssist\u00eancia m\u00e9dica<br \/>\nAssist\u00eancia odontol\u00f3gica<br \/>\nConv\u00eanio com empresas parceiras<br \/>\nVale-transporte<\/span><\/p>\n<p><span style=\"font-family: 'arial black', sans-serif;\"><strong>CIDADE BAIRRO OU ESTADO:<\/strong><\/span><br \/>\n\n<!-- WP QUADS v. 2.0.94  Shortcode Ad -->\n<div class=\"quads-location quads-ad\" id=\"quads-ad\" style=\"float:none;margin:0px;\">\n<\/div>\n\n<p>Rio de Janeiro Rj<\/p>\n<p><span style=\"font-family: 'arial black', sans-serif;\"><strong>REMUNERA\u00c7\u00c3O OU SAL\u00c1RIO OFERECIDO:<\/strong><\/span><\/p>\n<p>a combinar<\/p>\n<p><span style=\"font-family: 'arial black', sans-serif;\"><strong>POSI\u00c7\u00c3O OU CARGO DA VAGA:<\/strong><\/span><\/p>\n<p>Auxiliar Administrativo<\/p>\n<p><span style=\"font-family: 'arial black', sans-serif;\"><strong>QUANTIDADE DE VAGAS:<\/strong><\/span><\/p>\n<p>N\u00e3o Informado<\/p>\n<p><span style=\"font-family: 'arial black', sans-serif;\"><b>REQUER EXPERI\u00caNCIA:<\/b><\/span><\/p>\n<p>Sim<\/p>\n<p><span style=\"font-family: 'arial black', sans-serif;\"><strong>TIPO DE FORMA\u00c7\u00c3O EXIGIDA:<\/strong><\/span><\/p>\n<p>ensino M\u00e9dio<\/p>\n<p><span style=\"font-family: 'arial black', sans-serif;\"><strong>CADASTRE O SEU CURR\u00cdCULO:<\/strong><\/span><br \/>\n<input type='hidden' bg_collapse_expand='69f405b826c141087391549' value='69f405b826c141087391549'><input type='hidden' id='bg-show-more-text-69f405b826c141087391549' value='Quero me Candidatar'><input type='hidden' id='bg-show-less-text-69f405b826c141087391549' value='Fechar'><button id='bg-showmore-action-69f405b826c141087391549' class='bg-showmore-plg-button bg-orange-button  '   style=\" color:#4a4949;\">Quero me Candidatar<\/button><div id='bg-showmore-hidden-69f405b826c141087391549' >Para se candidatar a vaga clique em: <a href=\"https:\/\/site.vagas.com.br\/PagVagaDirSS.asp?v=2273426&amp;pp=https%3A\/\/site.vagas.com.br\/GoHome.asp%3Fv%3D2273426%26fnthr%3Dhttps%253A\/\/rjempregos.net\/%26j%3Dt%26sslon%3D1&amp;wiw=1366\">vagas.com.br<\/a> <\/div>\n<p><em><strong>Todas as vagas aqui publicadas como informamos em nossos termos de uso, s\u00e3o de COMPLETA RESPONSABILIDADE dos contratantes\/anunciantes, O RJ VAGAS<\/strong><\/em><em><strong>\u00a0n\u00e3o<\/strong><\/em><em><strong>\u00a0 entra em contato com nenhuma empresa para verificar a veracidade das informa\u00e7\u00f5es fornecidas, a responsabilidade da verifica\u00e7\u00e3o das informa\u00e7\u00f5es e demais d\u00favidas das vagas \u00e9 do candidato interessado.<\/strong><\/em><\/p>\n<p><a href=\"whatsapp:\/\/send?text=&quot;RioVaga - Empregos e Vagas Rio de Janeiro - Clique no link para instalar e se candidatar as vagas:&quot;https:\/\/play.google.com\/store\/apps\/details?id=com.riovagaaa\"><br \/>\nCompartilhe essa vaga com um amigo do Whatsapp &#8211; Clicando Aqui!!<br \/>\n<\/a><\/p>\n","protected":false},"excerpt":{"rendered":"<p>A VAGA DE EMPREGO DESCRITA ABAIXO FOI ENVIADA ATRAV\u00c9S DO NOSSO FORMUL\u00c1RIO DE ENVIO DE VAGAS PELO E-MAIL. LEIA ATENTAMENTE<\/p>\n","protected":false},"author":1,"featured_media":115416,"comment_status":"closed","ping_status":"closed","sticky":false,"template":"","format":"standard","meta":{"_exactmetrics_skip_tracking":false,"_exactmetrics_sitenote_active":false,"_exactmetrics_sitenote_note":"","_exactmetrics_sitenote_category":0,"footnotes":""},"categories":[13],"tags":[],"class_list":["post-119517","post","type-post","status-publish","format-standard","has-post-thumbnail","hentry","category-auxiliar-administrativo"],"yoast_head":"<!-- This site is optimized with the Yoast SEO plugin v24.4 - https:\/\/yoast.com\/wordpress\/plugins\/seo\/ -->\n<title>AUXILIAR ADMINISTRATIVO - REDE D&#039;OR - HOSPITAL RIO MAR - 2 VAGAS - RIO DE JANEIRO - RJ<\/title>\n<meta name=\"description\" content=\"AUXILIAR ADMINISTRATIVO - REDE D&#039;OR - HOSPITAL RIO MAR - 2 VAGAS - RIO DE JANEIRO - RJ\" \/>\n<meta name=\"robots\" content=\"index, follow, max-snippet:-1, max-image-preview:large, max-video-preview:-1\" \/>\n<link rel=\"canonical\" href=\"http:\/\/vagario.com.br\/index.php\/2021\/09\/29\/auxiliar-administrativo-rede-dor-hospital-rio-mar-2-vagas-rio-de-janeiro-rj\/\" \/>\n<meta property=\"og:locale\" content=\"pt_BR\" \/>\n<meta property=\"og:type\" content=\"article\" \/>\n<meta property=\"og:title\" content=\"AUXILIAR ADMINISTRATIVO - REDE D&#039;OR - HOSPITAL RIO MAR - 2 VAGAS - RIO DE JANEIRO - RJ\" \/>\n<meta property=\"og:description\" content=\"AUXILIAR ADMINISTRATIVO - REDE D&#039;OR - HOSPITAL RIO MAR - 2 VAGAS - RIO DE JANEIRO - RJ\" \/>\n<meta property=\"og:url\" content=\"http:\/\/vagario.com.br\/index.php\/2021\/09\/29\/auxiliar-administrativo-rede-dor-hospital-rio-mar-2-vagas-rio-de-janeiro-rj\/\" \/>\n<meta property=\"og:site_name\" content=\"Vagario\" \/>\n<meta property=\"article:published_time\" content=\"2021-09-29T13:25:08+00:00\" \/>\n<meta property=\"og:image\" content=\"http:\/\/vagario.com.br\/wp-content\/uploads\/2019\/12\/carioca256-1.png\" \/>\n\t<meta property=\"og:image:width\" content=\"256\" \/>\n\t<meta property=\"og:image:height\" content=\"256\" \/>\n\t<meta property=\"og:image:type\" content=\"image\/png\" \/>\n<meta name=\"author\" content=\"vagario\" \/>\n<meta name=\"twitter:card\" content=\"summary_large_image\" \/>\n<meta name=\"twitter:label1\" content=\"Escrito por\" \/>\n\t<meta name=\"twitter:data1\" content=\"vagario\" \/>\n\t<meta name=\"twitter:label2\" content=\"Est. tempo de leitura\" \/>\n\t<meta name=\"twitter:data2\" content=\"3 minutos\" \/>\n<script type=\"application\/ld+json\" class=\"yoast-schema-graph\">{\"@context\":\"https:\/\/schema.org\",\"@graph\":[{\"@type\":\"Article\",\"@id\":\"http:\/\/vagario.com.br\/index.php\/2021\/09\/29\/auxiliar-administrativo-rede-dor-hospital-rio-mar-2-vagas-rio-de-janeiro-rj\/#article\",\"isPartOf\":{\"@id\":\"http:\/\/vagario.com.br\/index.php\/2021\/09\/29\/auxiliar-administrativo-rede-dor-hospital-rio-mar-2-vagas-rio-de-janeiro-rj\/\"},\"author\":{\"name\":\"vagario\",\"@id\":\"https:\/\/vagario.com.br\/#\/schema\/person\/54813f918e46846eb68de55fc26439d6\"},\"headline\":\"AUXILIAR ADMINISTRATIVO &#8211; REDE D&#8217;OR &#8211; HOSPITAL RIO MAR &#8211; 2 VAGAS &#8211; RIO DE JANEIRO &#8211; RJ\",\"datePublished\":\"2021-09-29T13:25:08+00:00\",\"mainEntityOfPage\":{\"@id\":\"http:\/\/vagario.com.br\/index.php\/2021\/09\/29\/auxiliar-administrativo-rede-dor-hospital-rio-mar-2-vagas-rio-de-janeiro-rj\/\"},\"wordCount\":686,\"publisher\":{\"@id\":\"https:\/\/vagario.com.br\/#\/schema\/person\/54813f918e46846eb68de55fc26439d6\"},\"image\":{\"@id\":\"http:\/\/vagario.com.br\/index.php\/2021\/09\/29\/auxiliar-administrativo-rede-dor-hospital-rio-mar-2-vagas-rio-de-janeiro-rj\/#primaryimage\"},\"thumbnailUrl\":\"http:\/\/vagario.com.br\/wp-content\/uploads\/2021\/01\/5.png\",\"articleSection\":[\"Auxiliar Administrativo\"],\"inLanguage\":\"pt-BR\"},{\"@type\":\"WebPage\",\"@id\":\"http:\/\/vagario.com.br\/index.php\/2021\/09\/29\/auxiliar-administrativo-rede-dor-hospital-rio-mar-2-vagas-rio-de-janeiro-rj\/\",\"url\":\"http:\/\/vagario.com.br\/index.php\/2021\/09\/29\/auxiliar-administrativo-rede-dor-hospital-rio-mar-2-vagas-rio-de-janeiro-rj\/\",\"name\":\"AUXILIAR ADMINISTRATIVO - REDE D'OR - HOSPITAL RIO MAR - 2 VAGAS - RIO DE JANEIRO - RJ\",\"isPartOf\":{\"@id\":\"https:\/\/vagario.com.br\/#website\"},\"primaryImageOfPage\":{\"@id\":\"http:\/\/vagario.com.br\/index.php\/2021\/09\/29\/auxiliar-administrativo-rede-dor-hospital-rio-mar-2-vagas-rio-de-janeiro-rj\/#primaryimage\"},\"image\":{\"@id\":\"http:\/\/vagario.com.br\/index.php\/2021\/09\/29\/auxiliar-administrativo-rede-dor-hospital-rio-mar-2-vagas-rio-de-janeiro-rj\/#primaryimage\"},\"thumbnailUrl\":\"http:\/\/vagario.com.br\/wp-content\/uploads\/2021\/01\/5.png\",\"datePublished\":\"2021-09-29T13:25:08+00:00\",\"description\":\"AUXILIAR ADMINISTRATIVO - REDE D'OR - HOSPITAL RIO MAR - 2 VAGAS - RIO DE JANEIRO - RJ\",\"breadcrumb\":{\"@id\":\"http:\/\/vagario.com.br\/index.php\/2021\/09\/29\/auxiliar-administrativo-rede-dor-hospital-rio-mar-2-vagas-rio-de-janeiro-rj\/#breadcrumb\"},\"inLanguage\":\"pt-BR\",\"potentialAction\":[{\"@type\":\"ReadAction\",\"target\":[\"http:\/\/vagario.com.br\/index.php\/2021\/09\/29\/auxiliar-administrativo-rede-dor-hospital-rio-mar-2-vagas-rio-de-janeiro-rj\/\"]}]},{\"@type\":\"ImageObject\",\"inLanguage\":\"pt-BR\",\"@id\":\"http:\/\/vagario.com.br\/index.php\/2021\/09\/29\/auxiliar-administrativo-rede-dor-hospital-rio-mar-2-vagas-rio-de-janeiro-rj\/#primaryimage\",\"url\":\"http:\/\/vagario.com.br\/wp-content\/uploads\/2021\/01\/5.png\",\"contentUrl\":\"http:\/\/vagario.com.br\/wp-content\/uploads\/2021\/01\/5.png\",\"width\":512,\"height\":512},{\"@type\":\"BreadcrumbList\",\"@id\":\"http:\/\/vagario.com.br\/index.php\/2021\/09\/29\/auxiliar-administrativo-rede-dor-hospital-rio-mar-2-vagas-rio-de-janeiro-rj\/#breadcrumb\",\"itemListElement\":[{\"@type\":\"ListItem\",\"position\":1,\"name\":\"In\u00edcio\",\"item\":\"https:\/\/vagario.com.br\/\"},{\"@type\":\"ListItem\",\"position\":2,\"name\":\"AUXILIAR ADMINISTRATIVO &#8211; REDE D&#8217;OR &#8211; HOSPITAL RIO MAR &#8211; 2 VAGAS &#8211; RIO DE JANEIRO &#8211; RJ\"}]},{\"@type\":\"WebSite\",\"@id\":\"https:\/\/vagario.com.br\/#website\",\"url\":\"https:\/\/vagario.com.br\/\",\"name\":\"Vagario\",\"description\":\"Seu Melhor site de Empregos e Vagas\",\"publisher\":{\"@id\":\"https:\/\/vagario.com.br\/#\/schema\/person\/54813f918e46846eb68de55fc26439d6\"},\"potentialAction\":[{\"@type\":\"SearchAction\",\"target\":{\"@type\":\"EntryPoint\",\"urlTemplate\":\"https:\/\/vagario.com.br\/?s={search_term_string}\"},\"query-input\":{\"@type\":\"PropertyValueSpecification\",\"valueRequired\":true,\"valueName\":\"search_term_string\"}}],\"inLanguage\":\"pt-BR\"},{\"@type\":[\"Person\",\"Organization\"],\"@id\":\"https:\/\/vagario.com.br\/#\/schema\/person\/54813f918e46846eb68de55fc26439d6\",\"name\":\"vagario\",\"image\":{\"@type\":\"ImageObject\",\"inLanguage\":\"pt-BR\",\"@id\":\"https:\/\/vagario.com.br\/#\/schema\/person\/image\/\",\"url\":\"https:\/\/secure.gravatar.com\/avatar\/83c677ba6122e98ab37e1afa2508ddf0de0cec8e3065582b3e503ef328b5b67a?s=96&d=mm&r=g\",\"contentUrl\":\"https:\/\/secure.gravatar.com\/avatar\/83c677ba6122e98ab37e1afa2508ddf0de0cec8e3065582b3e503ef328b5b67a?s=96&d=mm&r=g\",\"caption\":\"vagario\"},\"logo\":{\"@id\":\"https:\/\/vagario.com.br\/#\/schema\/person\/image\/\"}}]}<\/script>\n<!-- \/ Yoast SEO plugin. -->","yoast_head_json":{"title":"AUXILIAR ADMINISTRATIVO - REDE D'OR - HOSPITAL RIO MAR - 2 VAGAS - RIO DE JANEIRO - RJ","description":"AUXILIAR ADMINISTRATIVO - REDE D'OR - HOSPITAL RIO MAR - 2 VAGAS - RIO DE JANEIRO - RJ","robots":{"index":"index","follow":"follow","max-snippet":"max-snippet:-1","max-image-preview":"max-image-preview:large","max-video-preview":"max-video-preview:-1"},"canonical":"http:\/\/vagario.com.br\/index.php\/2021\/09\/29\/auxiliar-administrativo-rede-dor-hospital-rio-mar-2-vagas-rio-de-janeiro-rj\/","og_locale":"pt_BR","og_type":"article","og_title":"AUXILIAR ADMINISTRATIVO - REDE D'OR - HOSPITAL RIO MAR - 2 VAGAS - RIO DE JANEIRO - RJ","og_description":"AUXILIAR ADMINISTRATIVO - REDE D'OR - HOSPITAL RIO MAR - 2 VAGAS - RIO DE JANEIRO - RJ","og_url":"http:\/\/vagario.com.br\/index.php\/2021\/09\/29\/auxiliar-administrativo-rede-dor-hospital-rio-mar-2-vagas-rio-de-janeiro-rj\/","og_site_name":"Vagario","article_published_time":"2021-09-29T13:25:08+00:00","og_image":[{"width":256,"height":256,"url":"http:\/\/vagario.com.br\/wp-content\/uploads\/2019\/12\/carioca256-1.png","type":"image\/png"}],"author":"vagario","twitter_card":"summary_large_image","twitter_misc":{"Escrito por":"vagario","Est. tempo de leitura":"3 minutos"},"schema":{"@context":"https:\/\/schema.org","@graph":[{"@type":"Article","@id":"http:\/\/vagario.com.br\/index.php\/2021\/09\/29\/auxiliar-administrativo-rede-dor-hospital-rio-mar-2-vagas-rio-de-janeiro-rj\/#article","isPartOf":{"@id":"http:\/\/vagario.com.br\/index.php\/2021\/09\/29\/auxiliar-administrativo-rede-dor-hospital-rio-mar-2-vagas-rio-de-janeiro-rj\/"},"author":{"name":"vagario","@id":"https:\/\/vagario.com.br\/#\/schema\/person\/54813f918e46846eb68de55fc26439d6"},"headline":"AUXILIAR ADMINISTRATIVO &#8211; REDE D&#8217;OR &#8211; HOSPITAL RIO MAR &#8211; 2 VAGAS &#8211; RIO DE JANEIRO &#8211; RJ","datePublished":"2021-09-29T13:25:08+00:00","mainEntityOfPage":{"@id":"http:\/\/vagario.com.br\/index.php\/2021\/09\/29\/auxiliar-administrativo-rede-dor-hospital-rio-mar-2-vagas-rio-de-janeiro-rj\/"},"wordCount":686,"publisher":{"@id":"https:\/\/vagario.com.br\/#\/schema\/person\/54813f918e46846eb68de55fc26439d6"},"image":{"@id":"http:\/\/vagario.com.br\/index.php\/2021\/09\/29\/auxiliar-administrativo-rede-dor-hospital-rio-mar-2-vagas-rio-de-janeiro-rj\/#primaryimage"},"thumbnailUrl":"http:\/\/vagario.com.br\/wp-content\/uploads\/2021\/01\/5.png","articleSection":["Auxiliar Administrativo"],"inLanguage":"pt-BR"},{"@type":"WebPage","@id":"http:\/\/vagario.com.br\/index.php\/2021\/09\/29\/auxiliar-administrativo-rede-dor-hospital-rio-mar-2-vagas-rio-de-janeiro-rj\/","url":"http:\/\/vagario.com.br\/index.php\/2021\/09\/29\/auxiliar-administrativo-rede-dor-hospital-rio-mar-2-vagas-rio-de-janeiro-rj\/","name":"AUXILIAR ADMINISTRATIVO - REDE D'OR - HOSPITAL RIO MAR - 2 VAGAS - RIO DE JANEIRO - RJ","isPartOf":{"@id":"https:\/\/vagario.com.br\/#website"},"primaryImageOfPage":{"@id":"http:\/\/vagario.com.br\/index.php\/2021\/09\/29\/auxiliar-administrativo-rede-dor-hospital-rio-mar-2-vagas-rio-de-janeiro-rj\/#primaryimage"},"image":{"@id":"http:\/\/vagario.com.br\/index.php\/2021\/09\/29\/auxiliar-administrativo-rede-dor-hospital-rio-mar-2-vagas-rio-de-janeiro-rj\/#primaryimage"},"thumbnailUrl":"http:\/\/vagario.com.br\/wp-content\/uploads\/2021\/01\/5.png","datePublished":"2021-09-29T13:25:08+00:00","description":"AUXILIAR ADMINISTRATIVO - REDE D'OR - HOSPITAL RIO MAR - 2 VAGAS - RIO DE JANEIRO - RJ","breadcrumb":{"@id":"http:\/\/vagario.com.br\/index.php\/2021\/09\/29\/auxiliar-administrativo-rede-dor-hospital-rio-mar-2-vagas-rio-de-janeiro-rj\/#breadcrumb"},"inLanguage":"pt-BR","potentialAction":[{"@type":"ReadAction","target":["http:\/\/vagario.com.br\/index.php\/2021\/09\/29\/auxiliar-administrativo-rede-dor-hospital-rio-mar-2-vagas-rio-de-janeiro-rj\/"]}]},{"@type":"ImageObject","inLanguage":"pt-BR","@id":"http:\/\/vagario.com.br\/index.php\/2021\/09\/29\/auxiliar-administrativo-rede-dor-hospital-rio-mar-2-vagas-rio-de-janeiro-rj\/#primaryimage","url":"http:\/\/vagario.com.br\/wp-content\/uploads\/2021\/01\/5.png","contentUrl":"http:\/\/vagario.com.br\/wp-content\/uploads\/2021\/01\/5.png","width":512,"height":512},{"@type":"BreadcrumbList","@id":"http:\/\/vagario.com.br\/index.php\/2021\/09\/29\/auxiliar-administrativo-rede-dor-hospital-rio-mar-2-vagas-rio-de-janeiro-rj\/#breadcrumb","itemListElement":[{"@type":"ListItem","position":1,"name":"In\u00edcio","item":"https:\/\/vagario.com.br\/"},{"@type":"ListItem","position":2,"name":"AUXILIAR ADMINISTRATIVO &#8211; REDE D&#8217;OR &#8211; HOSPITAL RIO MAR &#8211; 2 VAGAS &#8211; RIO DE JANEIRO &#8211; RJ"}]},{"@type":"WebSite","@id":"https:\/\/vagario.com.br\/#website","url":"https:\/\/vagario.com.br\/","name":"Vagario","description":"Seu Melhor site de Empregos e Vagas","publisher":{"@id":"https:\/\/vagario.com.br\/#\/schema\/person\/54813f918e46846eb68de55fc26439d6"},"potentialAction":[{"@type":"SearchAction","target":{"@type":"EntryPoint","urlTemplate":"https:\/\/vagario.com.br\/?s={search_term_string}"},"query-input":{"@type":"PropertyValueSpecification","valueRequired":true,"valueName":"search_term_string"}}],"inLanguage":"pt-BR"},{"@type":["Person","Organization"],"@id":"https:\/\/vagario.com.br\/#\/schema\/person\/54813f918e46846eb68de55fc26439d6","name":"vagario","image":{"@type":"ImageObject","inLanguage":"pt-BR","@id":"https:\/\/vagario.com.br\/#\/schema\/person\/image\/","url":"https:\/\/secure.gravatar.com\/avatar\/83c677ba6122e98ab37e1afa2508ddf0de0cec8e3065582b3e503ef328b5b67a?s=96&d=mm&r=g","contentUrl":"https:\/\/secure.gravatar.com\/avatar\/83c677ba6122e98ab37e1afa2508ddf0de0cec8e3065582b3e503ef328b5b67a?s=96&d=mm&r=g","caption":"vagario"},"logo":{"@id":"https:\/\/vagario.com.br\/#\/schema\/person\/image\/"}}]}},"_links":{"self":[{"href":"http:\/\/vagario.com.br\/index.php\/wp-json\/wp\/v2\/posts\/119517","targetHints":{"allow":["GET"]}}],"collection":[{"href":"http:\/\/vagario.com.br\/index.php\/wp-json\/wp\/v2\/posts"}],"about":[{"href":"http:\/\/vagario.com.br\/index.php\/wp-json\/wp\/v2\/types\/post"}],"author":[{"embeddable":true,"href":"http:\/\/vagario.com.br\/index.php\/wp-json\/wp\/v2\/users\/1"}],"replies":[{"embeddable":true,"href":"http:\/\/vagario.com.br\/index.php\/wp-json\/wp\/v2\/comments?post=119517"}],"version-history":[{"count":1,"href":"http:\/\/vagario.com.br\/index.php\/wp-json\/wp\/v2\/posts\/119517\/revisions"}],"predecessor-version":[{"id":119518,"href":"http:\/\/vagario.com.br\/index.php\/wp-json\/wp\/v2\/posts\/119517\/revisions\/119518"}],"wp:featuredmedia":[{"embeddable":true,"href":"http:\/\/vagario.com.br\/index.php\/wp-json\/wp\/v2\/media\/115416"}],"wp:attachment":[{"href":"http:\/\/vagario.com.br\/index.php\/wp-json\/wp\/v2\/media?parent=119517"}],"wp:term":[{"taxonomy":"category","embeddable":true,"href":"http:\/\/vagario.com.br\/index.php\/wp-json\/wp\/v2\/categories?post=119517"},{"taxonomy":"post_tag","embeddable":true,"href":"http:\/\/vagario.com.br\/index.php\/wp-json\/wp\/v2\/tags?post=119517"}],"curies":[{"name":"wp","href":"https:\/\/api.w.org\/{rel}","templated":true}]}}