{"id":111441,"date":"2020-06-22T10:06:04","date_gmt":"2020-06-22T13:06:04","guid":{"rendered":"http:\/\/vagario.com.br\/?p=111441"},"modified":"2020-06-22T10:06:04","modified_gmt":"2020-06-22T13:06:04","slug":"auxiliar-administrativo-radix-rio-de-janeiro-rj","status":"publish","type":"post","link":"http:\/\/vagario.com.br\/index.php\/2020\/06\/22\/auxiliar-administrativo-radix-rio-de-janeiro-rj\/","title":{"rendered":"AUXILIAR ADMINISTRATIVO &#8211; RADIX &#8211; RIO DE JANEIRO &#8211; RJ"},"content":{"rendered":"<p><span style=\"font-family: 'arial black', sans-serif;\"><strong>REQUERIMENTOS E INFORMA\u00c7\u00d5ES DA VAGA:<\/strong><\/span><\/p>\n<p>Auxiliar Administrativo \u2013 Radix \u2013 Rio de Janeiro DESCRI\u00c7\u00c3O DA VAGA Temos sede por transformar nosso conhecimento t\u00e9cnico-cient\u00edfico em respostas para problemas complexos do mundo da engenharia e software. Precisamos de pessoas \u00e1geis, \u00e9ticas, comprometidas com a entrega e que estejam em constante busca por aprendizado e novos desafios. Queremos essas pessoas para compor o nosso time e, juntos, tornarmos a Radix uma empresa Top of Mind no que diz respeito \u00e0 inova\u00e7\u00e3o e solu\u00e7\u00f5es tecnol\u00f3gicas pelos diversos setores da ind\u00fastria. Estamos expandindo e tornando a nossa presen\u00e7a cada vez mais poderosa! Que tal fazer parte disso? RESPONSABILIDADES E ATRIBUI\u00c7\u00d5ES Como , voc\u00ea ser\u00e1 respons\u00e1vel por: REQUISITOS E QUALIFICA\u00c7\u00d5ES Essa oportunidade \u00e9 um banco de talentos. Nela, voc\u00ea pode submeter o seu curr\u00edculo caso tenha interesse em trabalhar no setor administrativo da Radix, mas n\u00e3o se enquadre nas vagas que est\u00e3o abertas no momento. Surgindo novas vagas, recorreremos ao banco para buscar por perfis que tenham ader\u00eancia aos pr\u00e9-requisitos e entraremos em contato com os candidatos que t\u00eam encaixe com a oportunidade. INFORMA\u00c7\u00d5ES ADICIONAIS Al\u00e9m da experi\u00eancia de crescimento e troca de conhecimento, os nossos colaboradores t\u00eam acesso a: Vale Transporte; Vale Refei\u00e7\u00e3o; Plano de Sa\u00fade e Odontol\u00f3gico; Plano de Incentivo; Programa de Desenvolvimento Profissional, entre outros benef\u00edcios.<\/p>\n<p>&nbsp;<\/p>\n<p><span style=\"font-family: 'arial black', sans-serif;\"><strong>CADASTRE O SEU CURR\u00cdCULO:<\/strong><\/span><br \/>\n<input type='hidden' bg_collapse_expand='69f36cd3859bb7067737910' value='69f36cd3859bb7067737910'><input type='hidden' id='bg-show-more-text-69f36cd3859bb7067737910' value='Quero me Candidatar'><input type='hidden' id='bg-show-less-text-69f36cd3859bb7067737910' value='Fechar'><button id='bg-showmore-action-69f36cd3859bb7067737910' class='bg-showmore-plg-button bg-orange-button  '   style=\" color:#4a4949;\">Quero me Candidatar<\/button><div id='bg-showmore-hidden-69f36cd3859bb7067737910' >Para se candidatar a vaga clique em: <a href=\"https:\/\/radix.gupy.io\/jobs\/231203?jobBoardSource=gupy_public_page\">radix.gupy.io<\/a> <\/div>\n<p><em><strong>Todas as vagas aqui publicadas como informamos em nossos termos de uso, s\u00e3o de COMPLETA RESPONSABILIDADE dos contratantes\/anunciantes, O RIOVAGA RJ<\/strong><\/em><em><strong>\u00a0n\u00e3o<\/strong><\/em><em><strong>\u00a0 entra em contato com nenhuma empresa para verificar a veracidade das informa\u00e7\u00f5es fornecidas, a responsabilidade da verifica\u00e7\u00e3o das informa\u00e7\u00f5es e demais d\u00favidas das vagas \u00e9 do candidato interessado.<\/strong><\/em><\/p>\n<p><a href=\"whatsapp:\/\/send?text=&quot;RioVaga - Empregos e Vagas Rio de Janeiro - Clique no link para instalar e se candidatar as vagas:&quot;https:\/\/play.google.com\/store\/apps\/details?id=com.riovaga\"><br \/>\nCompartilhe essa vaga com um amigo do Whatsapp &#8211; Clicando Aqui!!<br \/>\n<\/a><\/p>\n","protected":false},"excerpt":{"rendered":"<p>REQUERIMENTOS E INFORMA\u00c7\u00d5ES DA VAGA: Auxiliar Administrativo \u2013 Radix \u2013 Rio de Janeiro DESCRI\u00c7\u00c3O DA VAGA Temos sede por transformar<\/p>\n","protected":false},"author":1,"featured_media":858,"comment_status":"closed","ping_status":"closed","sticky":false,"template":"","format":"standard","meta":{"_exactmetrics_skip_tracking":false,"_exactmetrics_sitenote_active":false,"_exactmetrics_sitenote_note":"","_exactmetrics_sitenote_category":0,"footnotes":""},"categories":[13],"tags":[],"class_list":["post-111441","post","type-post","status-publish","format-standard","has-post-thumbnail","hentry","category-auxiliar-administrativo"],"yoast_head":"<!-- This site is optimized with the Yoast SEO plugin v24.4 - https:\/\/yoast.com\/wordpress\/plugins\/seo\/ -->\n<title>AUXILIAR ADMINISTRATIVO - RADIX - RIO DE JANEIRO - RJ<\/title>\n<meta name=\"description\" content=\"AUXILIAR ADMINISTRATIVO - RADIX - RIO DE JANEIRO - RJ\" \/>\n<meta name=\"robots\" content=\"index, follow, max-snippet:-1, max-image-preview:large, max-video-preview:-1\" \/>\n<link rel=\"canonical\" href=\"http:\/\/vagario.com.br\/index.php\/2020\/06\/22\/auxiliar-administrativo-radix-rio-de-janeiro-rj\/\" \/>\n<meta property=\"og:locale\" content=\"pt_BR\" \/>\n<meta property=\"og:type\" content=\"article\" \/>\n<meta property=\"og:title\" content=\"AUXILIAR ADMINISTRATIVO - RADIX - RIO DE JANEIRO - RJ\" \/>\n<meta property=\"og:description\" content=\"AUXILIAR ADMINISTRATIVO - RADIX - RIO DE JANEIRO - RJ\" \/>\n<meta property=\"og:url\" content=\"http:\/\/vagario.com.br\/index.php\/2020\/06\/22\/auxiliar-administrativo-radix-rio-de-janeiro-rj\/\" \/>\n<meta property=\"og:site_name\" content=\"Vagario\" \/>\n<meta property=\"article:published_time\" content=\"2020-06-22T13:06:04+00:00\" \/>\n<meta property=\"og:image\" content=\"http:\/\/vagario.com.br\/wp-content\/uploads\/2019\/12\/carioca256-1.png\" \/>\n\t<meta property=\"og:image:width\" content=\"256\" \/>\n\t<meta property=\"og:image:height\" content=\"256\" \/>\n\t<meta property=\"og:image:type\" content=\"image\/png\" \/>\n<meta name=\"author\" content=\"vagario\" \/>\n<meta name=\"twitter:card\" content=\"summary_large_image\" \/>\n<meta name=\"twitter:label1\" content=\"Escrito por\" \/>\n\t<meta name=\"twitter:data1\" content=\"vagario\" \/>\n\t<meta name=\"twitter:label2\" content=\"Est. tempo de leitura\" \/>\n\t<meta name=\"twitter:data2\" content=\"2 minutos\" \/>\n<script type=\"application\/ld+json\" class=\"yoast-schema-graph\">{\"@context\":\"https:\/\/schema.org\",\"@graph\":[{\"@type\":\"Article\",\"@id\":\"http:\/\/vagario.com.br\/index.php\/2020\/06\/22\/auxiliar-administrativo-radix-rio-de-janeiro-rj\/#article\",\"isPartOf\":{\"@id\":\"http:\/\/vagario.com.br\/index.php\/2020\/06\/22\/auxiliar-administrativo-radix-rio-de-janeiro-rj\/\"},\"author\":{\"name\":\"vagario\",\"@id\":\"https:\/\/vagario.com.br\/#\/schema\/person\/54813f918e46846eb68de55fc26439d6\"},\"headline\":\"AUXILIAR ADMINISTRATIVO &#8211; RADIX &#8211; RIO DE JANEIRO &#8211; RJ\",\"datePublished\":\"2020-06-22T13:06:04+00:00\",\"mainEntityOfPage\":{\"@id\":\"http:\/\/vagario.com.br\/index.php\/2020\/06\/22\/auxiliar-administrativo-radix-rio-de-janeiro-rj\/\"},\"wordCount\":343,\"publisher\":{\"@id\":\"https:\/\/vagario.com.br\/#\/schema\/person\/54813f918e46846eb68de55fc26439d6\"},\"image\":{\"@id\":\"http:\/\/vagario.com.br\/index.php\/2020\/06\/22\/auxiliar-administrativo-radix-rio-de-janeiro-rj\/#primaryimage\"},\"thumbnailUrl\":\"http:\/\/vagario.com.br\/wp-content\/uploads\/2019\/12\/riovagafoto.png\",\"articleSection\":[\"Auxiliar Administrativo\"],\"inLanguage\":\"pt-BR\"},{\"@type\":\"WebPage\",\"@id\":\"http:\/\/vagario.com.br\/index.php\/2020\/06\/22\/auxiliar-administrativo-radix-rio-de-janeiro-rj\/\",\"url\":\"http:\/\/vagario.com.br\/index.php\/2020\/06\/22\/auxiliar-administrativo-radix-rio-de-janeiro-rj\/\",\"name\":\"AUXILIAR ADMINISTRATIVO - RADIX - RIO DE JANEIRO - RJ\",\"isPartOf\":{\"@id\":\"https:\/\/vagario.com.br\/#website\"},\"primaryImageOfPage\":{\"@id\":\"http:\/\/vagario.com.br\/index.php\/2020\/06\/22\/auxiliar-administrativo-radix-rio-de-janeiro-rj\/#primaryimage\"},\"image\":{\"@id\":\"http:\/\/vagario.com.br\/index.php\/2020\/06\/22\/auxiliar-administrativo-radix-rio-de-janeiro-rj\/#primaryimage\"},\"thumbnailUrl\":\"http:\/\/vagario.com.br\/wp-content\/uploads\/2019\/12\/riovagafoto.png\",\"datePublished\":\"2020-06-22T13:06:04+00:00\",\"description\":\"AUXILIAR ADMINISTRATIVO - RADIX - RIO DE JANEIRO - RJ\",\"breadcrumb\":{\"@id\":\"http:\/\/vagario.com.br\/index.php\/2020\/06\/22\/auxiliar-administrativo-radix-rio-de-janeiro-rj\/#breadcrumb\"},\"inLanguage\":\"pt-BR\",\"potentialAction\":[{\"@type\":\"ReadAction\",\"target\":[\"http:\/\/vagario.com.br\/index.php\/2020\/06\/22\/auxiliar-administrativo-radix-rio-de-janeiro-rj\/\"]}]},{\"@type\":\"ImageObject\",\"inLanguage\":\"pt-BR\",\"@id\":\"http:\/\/vagario.com.br\/index.php\/2020\/06\/22\/auxiliar-administrativo-radix-rio-de-janeiro-rj\/#primaryimage\",\"url\":\"http:\/\/vagario.com.br\/wp-content\/uploads\/2019\/12\/riovagafoto.png\",\"contentUrl\":\"http:\/\/vagario.com.br\/wp-content\/uploads\/2019\/12\/riovagafoto.png\",\"width\":351,\"height\":294},{\"@type\":\"BreadcrumbList\",\"@id\":\"http:\/\/vagario.com.br\/index.php\/2020\/06\/22\/auxiliar-administrativo-radix-rio-de-janeiro-rj\/#breadcrumb\",\"itemListElement\":[{\"@type\":\"ListItem\",\"position\":1,\"name\":\"In\u00edcio\",\"item\":\"https:\/\/vagario.com.br\/\"},{\"@type\":\"ListItem\",\"position\":2,\"name\":\"AUXILIAR ADMINISTRATIVO &#8211; RADIX &#8211; RIO DE JANEIRO &#8211; RJ\"}]},{\"@type\":\"WebSite\",\"@id\":\"https:\/\/vagario.com.br\/#website\",\"url\":\"https:\/\/vagario.com.br\/\",\"name\":\"Vagario\",\"description\":\"Seu Melhor site de Empregos e Vagas\",\"publisher\":{\"@id\":\"https:\/\/vagario.com.br\/#\/schema\/person\/54813f918e46846eb68de55fc26439d6\"},\"potentialAction\":[{\"@type\":\"SearchAction\",\"target\":{\"@type\":\"EntryPoint\",\"urlTemplate\":\"https:\/\/vagario.com.br\/?s={search_term_string}\"},\"query-input\":{\"@type\":\"PropertyValueSpecification\",\"valueRequired\":true,\"valueName\":\"search_term_string\"}}],\"inLanguage\":\"pt-BR\"},{\"@type\":[\"Person\",\"Organization\"],\"@id\":\"https:\/\/vagario.com.br\/#\/schema\/person\/54813f918e46846eb68de55fc26439d6\",\"name\":\"vagario\",\"image\":{\"@type\":\"ImageObject\",\"inLanguage\":\"pt-BR\",\"@id\":\"https:\/\/vagario.com.br\/#\/schema\/person\/image\/\",\"url\":\"https:\/\/secure.gravatar.com\/avatar\/83c677ba6122e98ab37e1afa2508ddf0de0cec8e3065582b3e503ef328b5b67a?s=96&d=mm&r=g\",\"contentUrl\":\"https:\/\/secure.gravatar.com\/avatar\/83c677ba6122e98ab37e1afa2508ddf0de0cec8e3065582b3e503ef328b5b67a?s=96&d=mm&r=g\",\"caption\":\"vagario\"},\"logo\":{\"@id\":\"https:\/\/vagario.com.br\/#\/schema\/person\/image\/\"}}]}<\/script>\n<!-- \/ Yoast SEO plugin. -->","yoast_head_json":{"title":"AUXILIAR ADMINISTRATIVO - RADIX - RIO DE JANEIRO - RJ","description":"AUXILIAR ADMINISTRATIVO - RADIX - RIO DE JANEIRO - RJ","robots":{"index":"index","follow":"follow","max-snippet":"max-snippet:-1","max-image-preview":"max-image-preview:large","max-video-preview":"max-video-preview:-1"},"canonical":"http:\/\/vagario.com.br\/index.php\/2020\/06\/22\/auxiliar-administrativo-radix-rio-de-janeiro-rj\/","og_locale":"pt_BR","og_type":"article","og_title":"AUXILIAR ADMINISTRATIVO - RADIX - RIO DE JANEIRO - RJ","og_description":"AUXILIAR ADMINISTRATIVO - RADIX - RIO DE JANEIRO - RJ","og_url":"http:\/\/vagario.com.br\/index.php\/2020\/06\/22\/auxiliar-administrativo-radix-rio-de-janeiro-rj\/","og_site_name":"Vagario","article_published_time":"2020-06-22T13:06:04+00:00","og_image":[{"width":256,"height":256,"url":"http:\/\/vagario.com.br\/wp-content\/uploads\/2019\/12\/carioca256-1.png","type":"image\/png"}],"author":"vagario","twitter_card":"summary_large_image","twitter_misc":{"Escrito por":"vagario","Est. tempo de leitura":"2 minutos"},"schema":{"@context":"https:\/\/schema.org","@graph":[{"@type":"Article","@id":"http:\/\/vagario.com.br\/index.php\/2020\/06\/22\/auxiliar-administrativo-radix-rio-de-janeiro-rj\/#article","isPartOf":{"@id":"http:\/\/vagario.com.br\/index.php\/2020\/06\/22\/auxiliar-administrativo-radix-rio-de-janeiro-rj\/"},"author":{"name":"vagario","@id":"https:\/\/vagario.com.br\/#\/schema\/person\/54813f918e46846eb68de55fc26439d6"},"headline":"AUXILIAR ADMINISTRATIVO &#8211; RADIX &#8211; RIO DE JANEIRO &#8211; RJ","datePublished":"2020-06-22T13:06:04+00:00","mainEntityOfPage":{"@id":"http:\/\/vagario.com.br\/index.php\/2020\/06\/22\/auxiliar-administrativo-radix-rio-de-janeiro-rj\/"},"wordCount":343,"publisher":{"@id":"https:\/\/vagario.com.br\/#\/schema\/person\/54813f918e46846eb68de55fc26439d6"},"image":{"@id":"http:\/\/vagario.com.br\/index.php\/2020\/06\/22\/auxiliar-administrativo-radix-rio-de-janeiro-rj\/#primaryimage"},"thumbnailUrl":"http:\/\/vagario.com.br\/wp-content\/uploads\/2019\/12\/riovagafoto.png","articleSection":["Auxiliar Administrativo"],"inLanguage":"pt-BR"},{"@type":"WebPage","@id":"http:\/\/vagario.com.br\/index.php\/2020\/06\/22\/auxiliar-administrativo-radix-rio-de-janeiro-rj\/","url":"http:\/\/vagario.com.br\/index.php\/2020\/06\/22\/auxiliar-administrativo-radix-rio-de-janeiro-rj\/","name":"AUXILIAR ADMINISTRATIVO - RADIX - RIO DE JANEIRO - RJ","isPartOf":{"@id":"https:\/\/vagario.com.br\/#website"},"primaryImageOfPage":{"@id":"http:\/\/vagario.com.br\/index.php\/2020\/06\/22\/auxiliar-administrativo-radix-rio-de-janeiro-rj\/#primaryimage"},"image":{"@id":"http:\/\/vagario.com.br\/index.php\/2020\/06\/22\/auxiliar-administrativo-radix-rio-de-janeiro-rj\/#primaryimage"},"thumbnailUrl":"http:\/\/vagario.com.br\/wp-content\/uploads\/2019\/12\/riovagafoto.png","datePublished":"2020-06-22T13:06:04+00:00","description":"AUXILIAR ADMINISTRATIVO - RADIX - RIO DE JANEIRO - RJ","breadcrumb":{"@id":"http:\/\/vagario.com.br\/index.php\/2020\/06\/22\/auxiliar-administrativo-radix-rio-de-janeiro-rj\/#breadcrumb"},"inLanguage":"pt-BR","potentialAction":[{"@type":"ReadAction","target":["http:\/\/vagario.com.br\/index.php\/2020\/06\/22\/auxiliar-administrativo-radix-rio-de-janeiro-rj\/"]}]},{"@type":"ImageObject","inLanguage":"pt-BR","@id":"http:\/\/vagario.com.br\/index.php\/2020\/06\/22\/auxiliar-administrativo-radix-rio-de-janeiro-rj\/#primaryimage","url":"http:\/\/vagario.com.br\/wp-content\/uploads\/2019\/12\/riovagafoto.png","contentUrl":"http:\/\/vagario.com.br\/wp-content\/uploads\/2019\/12\/riovagafoto.png","width":351,"height":294},{"@type":"BreadcrumbList","@id":"http:\/\/vagario.com.br\/index.php\/2020\/06\/22\/auxiliar-administrativo-radix-rio-de-janeiro-rj\/#breadcrumb","itemListElement":[{"@type":"ListItem","position":1,"name":"In\u00edcio","item":"https:\/\/vagario.com.br\/"},{"@type":"ListItem","position":2,"name":"AUXILIAR ADMINISTRATIVO &#8211; RADIX &#8211; RIO DE JANEIRO &#8211; RJ"}]},{"@type":"WebSite","@id":"https:\/\/vagario.com.br\/#website","url":"https:\/\/vagario.com.br\/","name":"Vagario","description":"Seu Melhor site de Empregos e Vagas","publisher":{"@id":"https:\/\/vagario.com.br\/#\/schema\/person\/54813f918e46846eb68de55fc26439d6"},"potentialAction":[{"@type":"SearchAction","target":{"@type":"EntryPoint","urlTemplate":"https:\/\/vagario.com.br\/?s={search_term_string}"},"query-input":{"@type":"PropertyValueSpecification","valueRequired":true,"valueName":"search_term_string"}}],"inLanguage":"pt-BR"},{"@type":["Person","Organization"],"@id":"https:\/\/vagario.com.br\/#\/schema\/person\/54813f918e46846eb68de55fc26439d6","name":"vagario","image":{"@type":"ImageObject","inLanguage":"pt-BR","@id":"https:\/\/vagario.com.br\/#\/schema\/person\/image\/","url":"https:\/\/secure.gravatar.com\/avatar\/83c677ba6122e98ab37e1afa2508ddf0de0cec8e3065582b3e503ef328b5b67a?s=96&d=mm&r=g","contentUrl":"https:\/\/secure.gravatar.com\/avatar\/83c677ba6122e98ab37e1afa2508ddf0de0cec8e3065582b3e503ef328b5b67a?s=96&d=mm&r=g","caption":"vagario"},"logo":{"@id":"https:\/\/vagario.com.br\/#\/schema\/person\/image\/"}}]}},"_links":{"self":[{"href":"http:\/\/vagario.com.br\/index.php\/wp-json\/wp\/v2\/posts\/111441","targetHints":{"allow":["GET"]}}],"collection":[{"href":"http:\/\/vagario.com.br\/index.php\/wp-json\/wp\/v2\/posts"}],"about":[{"href":"http:\/\/vagario.com.br\/index.php\/wp-json\/wp\/v2\/types\/post"}],"author":[{"embeddable":true,"href":"http:\/\/vagario.com.br\/index.php\/wp-json\/wp\/v2\/users\/1"}],"replies":[{"embeddable":true,"href":"http:\/\/vagario.com.br\/index.php\/wp-json\/wp\/v2\/comments?post=111441"}],"version-history":[{"count":1,"href":"http:\/\/vagario.com.br\/index.php\/wp-json\/wp\/v2\/posts\/111441\/revisions"}],"predecessor-version":[{"id":111442,"href":"http:\/\/vagario.com.br\/index.php\/wp-json\/wp\/v2\/posts\/111441\/revisions\/111442"}],"wp:featuredmedia":[{"embeddable":true,"href":"http:\/\/vagario.com.br\/index.php\/wp-json\/wp\/v2\/media\/858"}],"wp:attachment":[{"href":"http:\/\/vagario.com.br\/index.php\/wp-json\/wp\/v2\/media?parent=111441"}],"wp:term":[{"taxonomy":"category","embeddable":true,"href":"http:\/\/vagario.com.br\/index.php\/wp-json\/wp\/v2\/categories?post=111441"},{"taxonomy":"post_tag","embeddable":true,"href":"http:\/\/vagario.com.br\/index.php\/wp-json\/wp\/v2\/tags?post=111441"}],"curies":[{"name":"wp","href":"https:\/\/api.w.org\/{rel}","templated":true}]}}